{"id":90119,"date":"2021-03-31T10:15:15","date_gmt":"2021-03-31T13:15:15","guid":{"rendered":"https:\/\/eldiariodesanpedro.com.ar\/sitio\/?p=90119"},"modified":"2021-03-31T10:15:20","modified_gmt":"2021-03-31T13:15:20","slug":"el-ministerio-de-educacion-garantizo-las-clases-presenciales-en-las-escuelas","status":"publish","type":"post","link":"https:\/\/eldiariodesanpedro.com.ar\/sitio\/el-ministerio-de-educacion-garantizo-las-clases-presenciales-en-las-escuelas\/","title":{"rendered":"El Ministerio de Educaci\u00f3n garantiz\u00f3 las clases presenciales en las escuelas"},"content":{"rendered":"<!-- VideographyWP Plugin Message: Automatic video embedding prevented by plugin options. -->\n\n<p>El ministro de Educaci\u00f3n, Nicol\u00e1s Trotta, descart\u00f3 que cierren las escuelas y pidi\u00f3 sostener los protocolos ante el aumento de casos.<br>En medio de la pol\u00e9mica por las clases presenciales tras los aumentos de casos de coronavirus, y los reclamos de diversos gremios para que se revea la postura de abrir las escuela, el ministro de Educaci\u00f3n de la Naci\u00f3n, Nicol\u00e1s Trotta, confirm\u00f3 que se sostendr\u00e1 la presencialidad.<br>\u00abMientras que la evidencia nos sigua confirmando eso, como ha ocurrido hasta el momento, por supuesto se va a sostener la presencialidad que hemos definido entre Naci\u00f3n y Provincias\u00bb, a\u00f1adi\u00f3. Adem\u00e1s, se\u00f1al\u00f3 que las escuelas tendr\u00e1n prioridad para evitar nuevos cierres, en caso de que sea necesario.<br>La posici\u00f3n del Ministro fue ratificada por la Provincia. Daniel Goll\u00e1n y Carlos Bianco se\u00f1alaron que no eval\u00faan en cerrar las escuelas dentro de las medidas para enfrentar la segunda ola de coronavirus en la Provincia. Desde los gremios educativos insistieron en pedir que vuelvan las clases virtuales.<br>Sin embargo, ante el aumento de casos de coronavirus, Trotta pidi\u00f3 sostener los protocolos y marc\u00f3 su diferencia con el pedido de Soledad Acu\u00f1a, la ministra porte\u00f1a, para disminuirlos. \u00abHace algunas semanas la Ciudad de Buenos Aires planteaba su voluntad de relajar los protocolos. Nosotros nos opusimos. Los protocolos hay que sostenerlos para garantizar ese regreso cuidado\u00bb, insisti\u00f3.<br>Sobre los pedidos de cierre de escuelas y vuelta a la virtualidad por posibles contagios en los establecimientos educativos, el Ministro opin\u00f3 que \u00abes normal el temor en medio de una pandemia\u00bb, pero volvi\u00f3 a remarcar que \u00abel regreso cuidado a la presencialidad se vincula a los protocolos. Tanto en la dimensi\u00f3n preventiva como en el accionar r\u00e1pido frente a un caso sospechoso, que es lo que est\u00e1 ocurriendo\u00bb.<\/p>\n\n\n\n<p><strong>\u00bfC\u00f3mo ser\u00e1n los cierres de escuelas, en caso de que sea necesario?<\/strong><br>En caso de que haya un caso sospechoso de coronavirus, cada aula deber\u00e1 aislarse, como ya ha ocurrido en numerosas oportunidades desde el regreso a la presencialidad. \u00abMuy pocos casos de los que son sospechosos se transforman finalmente en casos positivos, pero cada caso sospechoso lo tenemos que tratar en el aislamiento como si fuese positivo hasta descartarlo\u00bb, dijo Trotta.<br>Por otra parte, manifest\u00f3 que los cierres por jurisdicciones y el regreso a la virtualidad ser\u00e1 lo m\u00e1s focalizado posibles. \u00abLa restricci\u00f3n de la presencialidad hay que adoptarla en la m\u00ednima unidad geogr\u00e1fica posible. No se puede tomar a la Argentina como un todo, tampoco se puede tomar a una provincia como un todo\u00bb, afirm\u00f3 el Ministro en LA CIELO FM 103.5.<br>\u00abInclusive podemos observar, por ejemplo en la provincia de Buenos Aires, que hacia adentro de un distrito hay localidades que muchas veces est\u00e1n a una enorme distancia. Entonces ah\u00ed no necesariamente incluso en un mismo distrito hay que tomar una \u00fanica decisi\u00f3n\u00bb, a\u00f1adi\u00f3.<\/p>\n\n\n\n<p><strong>\u00bfC\u00f3mo marcha la campa\u00f1a de vacunaci\u00f3n en docentes y auxiliares?<\/strong><br>El Ministro tambi\u00e9n se refiri\u00f3 a la campa\u00f1a de vacunaci\u00f3n para el sistema educativo. En ese sentido, destac\u00f3 que se prioriz\u00f3 a los docentes y auxiliares en la campa\u00f1a de vacunaci\u00f3n, y afirm\u00f3 que \u00abya se vacun\u00f3 un tercio del sistema educativo de nuestro pa\u00eds, casi medio mill\u00f3n de maestros, maestras y auxiliares\u00bb.<br>Sin embargo, advirti\u00f3 que tendr\u00e1n un freno, ya que la prioridad inmediata ser\u00e1n nuevamente los mayores de 60 a\u00f1os y grupos de riesgo. \u00abEs a quienes m\u00e1s tenemos que cuidar y una vez que cubramos a ese sector de la poblaci\u00f3n vamos a volver a iniciar el proceso de vacunaci\u00f3n de nuestros maestros y auxiliares\u00bb, indic\u00f3.<br>Por \u00faltimo, el ministro Trotta dijo que por el momento no hay ninguna modificaci\u00f3n ni observaci\u00f3n al calendario educativo, ante la posibilidad de prolongar las vacaciones de invierno para disminuir la circulaci\u00f3n en la etapa m\u00e1s cr\u00edtica de la pandemia en t\u00e9rminos clim\u00e1ticos.<\/p>\n","protected":false},"excerpt":{"rendered":"<p>El ministro de Educaci\u00f3n, Nicol\u00e1s Trotta, descart\u00f3 que cierren las escuelas y pidi\u00f3 sostener los protocolos ante el aumento de casos.En medio de la pol\u00e9mica por las clases presenciales tras los aumentos de casos de coronavirus, y los reclamos de diversos gremios para que se revea la postura de abrir las escuela, el ministro de [&hellip;]<\/p>\n","protected":false},"author":4,"featured_media":90120,"comment_status":"open","ping_status":"closed","sticky":false,"template":"","format":"standard","meta":{"om_disable_all_campaigns":false,"_jetpack_memberships_contains_paid_content":false,"footnotes":""},"categories":[621],"tags":[],"class_list":["post-90119","post","type-post","status-publish","format-standard","has-post-thumbnail","hentry","category-regionales"],"aioseo_notices":[],"gutentor_comment":0,"jetpack_featured_media_url":"https:\/\/eldiariodesanpedro.com.ar\/sitio\/wp-content\/uploads\/2021\/03\/nicolas-trotta-hablo-feudale-cafe-la-cielo-fm-1035-y-garantizo-la-presencialidad_658x400.jpg","jetpack_shortlink":"https:\/\/wp.me\/p6RhLt-nrx","jetpack_sharing_enabled":true,"_links":{"self":[{"href":"https:\/\/eldiariodesanpedro.com.ar\/sitio\/wp-json\/wp\/v2\/posts\/90119","targetHints":{"allow":["GET"]}}],"collection":[{"href":"https:\/\/eldiariodesanpedro.com.ar\/sitio\/wp-json\/wp\/v2\/posts"}],"about":[{"href":"https:\/\/eldiariodesanpedro.com.ar\/sitio\/wp-json\/wp\/v2\/types\/post"}],"author":[{"embeddable":true,"href":"https:\/\/eldiariodesanpedro.com.ar\/sitio\/wp-json\/wp\/v2\/users\/4"}],"replies":[{"embeddable":true,"href":"https:\/\/eldiariodesanpedro.com.ar\/sitio\/wp-json\/wp\/v2\/comments?post=90119"}],"version-history":[{"count":1,"href":"https:\/\/eldiariodesanpedro.com.ar\/sitio\/wp-json\/wp\/v2\/posts\/90119\/revisions"}],"predecessor-version":[{"id":90121,"href":"https:\/\/eldiariodesanpedro.com.ar\/sitio\/wp-json\/wp\/v2\/posts\/90119\/revisions\/90121"}],"wp:featuredmedia":[{"embeddable":true,"href":"https:\/\/eldiariodesanpedro.com.ar\/sitio\/wp-json\/wp\/v2\/media\/90120"}],"wp:attachment":[{"href":"https:\/\/eldiariodesanpedro.com.ar\/sitio\/wp-json\/wp\/v2\/media?parent=90119"}],"wp:term":[{"taxonomy":"category","embeddable":true,"href":"https:\/\/eldiariodesanpedro.com.ar\/sitio\/wp-json\/wp\/v2\/categories?post=90119"},{"taxonomy":"post_tag","embeddable":true,"href":"https:\/\/eldiariodesanpedro.com.ar\/sitio\/wp-json\/wp\/v2\/tags?post=90119"}],"curies":[{"name":"wp","href":"https:\/\/api.w.org\/{rel}","templated":true}]}}