{"id":90111,"date":"2021-03-31T10:04:02","date_gmt":"2021-03-31T13:04:02","guid":{"rendered":"https:\/\/eldiariodesanpedro.com.ar\/sitio\/?p=90111"},"modified":"2021-03-31T10:04:07","modified_gmt":"2021-03-31T13:04:07","slug":"zarate-grave-choque-de-camiones-en-el-segundo-puente-del-complejo-zarate-brazo-largo","status":"publish","type":"post","link":"https:\/\/eldiariodesanpedro.com.ar\/sitio\/zarate-grave-choque-de-camiones-en-el-segundo-puente-del-complejo-zarate-brazo-largo\/","title":{"rendered":"Z\u00c1RATE | Grave choque de camiones en el segundo puente del complejo Z\u00e1rate Brazo Largo"},"content":{"rendered":"<!-- VideographyWP Plugin Message: Automatic video embedding prevented by plugin options. -->\n\n<p>El siniestro entre los dos camiones ocurri\u00f3 a la 1:30 de la madrugada en Ruta N\u00b0 12, km 112, en el segundo puente.<\/p>\n\n\n\n<p>Uno de ellos hizo tijera impactando contra la baranda y cortando la ruta, mientras que el otro rompi\u00f3 el guardarrail y qued\u00f3 parcialmente colgado. Los choferes resultaron ilesos, solo uno sufri\u00f3 golpes leves.<\/p>\n\n\n\n<p>Seg\u00fan precisaron, el que permanece colgado lleva bastante carga de pollos congelados, por lo que el proceso para removerlo demandar\u00e1 unas horas hasta que se realice el traspaso de la mercader\u00eda a otro veh\u00edculo.<\/p>\n\n\n\n<p>Gendarmer\u00eda en estos momentos asiste al tr\u00e1nsito. De Entre R\u00edos hacia Buenos Aires los dos carriles est\u00e1n cortados y se utiliza la mano contraria para descongestionar.<\/p>\n\n\n\n<p>Fuente: <a href=\"http:\/\/www.enlacecritico.com\/destacados\/grave-choque-de-camiones-en-el-segundo-puente-del-complejo-zarate-brazo-largo\/\">Enlace Critico<\/a><\/p>\n\n\n\n<figure class=\"wp-block-image size-large\"><img decoding=\"async\" width=\"658\" height=\"400\" data-attachment-id=\"90114\" data-permalink=\"https:\/\/eldiariodesanpedro.com.ar\/sitio\/zarate-grave-choque-de-camiones-en-el-segundo-puente-del-complejo-zarate-brazo-largo\/accidente-6-2-2\/\" data-orig-file=\"https:\/\/eldiariodesanpedro.com.ar\/sitio\/wp-content\/uploads\/2021\/03\/Accidente-6-2-1.jpg\" data-orig-size=\"658,400\" data-comments-opened=\"1\" data-image-meta=\"{&quot;aperture&quot;:&quot;0&quot;,&quot;credit&quot;:&quot;&quot;,&quot;camera&quot;:&quot;&quot;,&quot;caption&quot;:&quot;&quot;,&quot;created_timestamp&quot;:&quot;0&quot;,&quot;copyright&quot;:&quot;&quot;,&quot;focal_length&quot;:&quot;0&quot;,&quot;iso&quot;:&quot;0&quot;,&quot;shutter_speed&quot;:&quot;0&quot;,&quot;title&quot;:&quot;&quot;,&quot;orientation&quot;:&quot;0&quot;}\" data-image-title=\"Accidente-6-2\" data-image-description=\"\" data-image-caption=\"\" data-large-file=\"https:\/\/eldiariodesanpedro.com.ar\/sitio\/wp-content\/uploads\/2021\/03\/Accidente-6-2-1.jpg\" data-src=\"https:\/\/eldiariodesanpedro.com.ar\/sitio\/wp-content\/uploads\/2021\/03\/Accidente-6-2-1.jpg\" alt=\"\" class=\"wp-image-90114 lazyload\" data-srcset=\"https:\/\/eldiariodesanpedro.com.ar\/sitio\/wp-content\/uploads\/2021\/03\/Accidente-6-2-1.jpg 658w, https:\/\/eldiariodesanpedro.com.ar\/sitio\/wp-content\/uploads\/2021\/03\/Accidente-6-2-1-300x182.jpg 300w\" data-sizes=\"(max-width: 658px) 100vw, 658px\" src=\"data:image\/svg+xml;base64,PHN2ZyB3aWR0aD0iMSIgaGVpZ2h0PSIxIiB4bWxucz0iaHR0cDovL3d3dy53My5vcmcvMjAwMC9zdmciPjwvc3ZnPg==\" style=\"--smush-placeholder-width: 658px; --smush-placeholder-aspect-ratio: 658\/400;\" \/><\/figure>\n","protected":false},"excerpt":{"rendered":"<p>El siniestro entre los dos camiones ocurri\u00f3 a la 1:30 de la madrugada en Ruta N\u00b0 12, km 112, en el segundo puente. Uno de ellos hizo tijera impactando contra la baranda y cortando la ruta, mientras que el otro rompi\u00f3 el guardarrail y qued\u00f3 parcialmente colgado. Los choferes resultaron ilesos, solo uno sufri\u00f3 golpes [&hellip;]<\/p>\n","protected":false},"author":4,"featured_media":90112,"comment_status":"open","ping_status":"closed","sticky":false,"template":"","format":"standard","meta":{"om_disable_all_campaigns":false,"_jetpack_memberships_contains_paid_content":false,"footnotes":""},"categories":[621],"tags":[],"class_list":["post-90111","post","type-post","status-publish","format-standard","has-post-thumbnail","hentry","category-regionales"],"aioseo_notices":[],"gutentor_comment":0,"jetpack_featured_media_url":"https:\/\/eldiariodesanpedro.com.ar\/sitio\/wp-content\/uploads\/2021\/03\/Accidente-2-3.jpg","jetpack_shortlink":"https:\/\/wp.me\/p6RhLt-nrp","jetpack_sharing_enabled":true,"_links":{"self":[{"href":"https:\/\/eldiariodesanpedro.com.ar\/sitio\/wp-json\/wp\/v2\/posts\/90111","targetHints":{"allow":["GET"]}}],"collection":[{"href":"https:\/\/eldiariodesanpedro.com.ar\/sitio\/wp-json\/wp\/v2\/posts"}],"about":[{"href":"https:\/\/eldiariodesanpedro.com.ar\/sitio\/wp-json\/wp\/v2\/types\/post"}],"author":[{"embeddable":true,"href":"https:\/\/eldiariodesanpedro.com.ar\/sitio\/wp-json\/wp\/v2\/users\/4"}],"replies":[{"embeddable":true,"href":"https:\/\/eldiariodesanpedro.com.ar\/sitio\/wp-json\/wp\/v2\/comments?post=90111"}],"version-history":[{"count":1,"href":"https:\/\/eldiariodesanpedro.com.ar\/sitio\/wp-json\/wp\/v2\/posts\/90111\/revisions"}],"predecessor-version":[{"id":90115,"href":"https:\/\/eldiariodesanpedro.com.ar\/sitio\/wp-json\/wp\/v2\/posts\/90111\/revisions\/90115"}],"wp:featuredmedia":[{"embeddable":true,"href":"https:\/\/eldiariodesanpedro.com.ar\/sitio\/wp-json\/wp\/v2\/media\/90112"}],"wp:attachment":[{"href":"https:\/\/eldiariodesanpedro.com.ar\/sitio\/wp-json\/wp\/v2\/media?parent=90111"}],"wp:term":[{"taxonomy":"category","embeddable":true,"href":"https:\/\/eldiariodesanpedro.com.ar\/sitio\/wp-json\/wp\/v2\/categories?post=90111"},{"taxonomy":"post_tag","embeddable":true,"href":"https:\/\/eldiariodesanpedro.com.ar\/sitio\/wp-json\/wp\/v2\/tags?post=90111"}],"curies":[{"name":"wp","href":"https:\/\/api.w.org\/{rel}","templated":true}]}}