{"id":90108,"date":"2021-03-31T10:00:08","date_gmt":"2021-03-31T13:00:08","guid":{"rendered":"https:\/\/eldiariodesanpedro.com.ar\/sitio\/?p=90108"},"modified":"2021-03-31T10:00:12","modified_gmt":"2021-03-31T13:00:12","slug":"zarate-se-incendio-un-colectivo-en-el-camino-038-hacia-lima-cuatro-personas-trasladadas-al-hospital","status":"publish","type":"post","link":"https:\/\/eldiariodesanpedro.com.ar\/sitio\/zarate-se-incendio-un-colectivo-en-el-camino-038-hacia-lima-cuatro-personas-trasladadas-al-hospital\/","title":{"rendered":"Z\u00c1RATE | Se incendi\u00f3 un colectivo en el camino 038 hacia Lima: cuatro personas trasladadas al hospital"},"content":{"rendered":"<!-- VideographyWP Plugin Message: Automatic video embedding prevented by plugin options. -->\n\n<p>Esta ma\u00f1ana un colectivo que se dirig\u00eda hacia Lima por el camino 038 se incendi\u00f3 por completo.<\/p>\n\n\n\n<p>Los m\u00e9dicos del SEMU atendieron a cuatro personas, tres de ellos por intoxicaci\u00f3n con mon\u00f3xido de carbono y el restante con traumatismos leves. Todos fueron trasladados al Hospital Virgen del Carmen.<\/p>\n\n\n\n<p>Trabaja en el lugar Bomberos Voluntarios de Lima y personal policial de la Comisar\u00eda 2da.<\/p>\n\n\n\n<p><\/p>\n","protected":false},"excerpt":{"rendered":"<p>Esta ma\u00f1ana un colectivo que se dirig\u00eda hacia Lima por el camino 038 se incendi\u00f3 por completo. Los m\u00e9dicos del SEMU atendieron a cuatro personas, tres de ellos por intoxicaci\u00f3n con mon\u00f3xido de carbono y el restante con traumatismos leves. Todos fueron trasladados al Hospital Virgen del Carmen. Trabaja en el lugar Bomberos Voluntarios de [&hellip;]<\/p>\n","protected":false},"author":4,"featured_media":90109,"comment_status":"open","ping_status":"closed","sticky":false,"template":"","format":"standard","meta":{"om_disable_all_campaigns":false,"_jetpack_memberships_contains_paid_content":false,"footnotes":""},"categories":[621],"tags":[],"class_list":["post-90108","post","type-post","status-publish","format-standard","has-post-thumbnail","hentry","category-regionales"],"aioseo_notices":[],"gutentor_comment":0,"jetpack_featured_media_url":"https:\/\/eldiariodesanpedro.com.ar\/sitio\/wp-content\/uploads\/2021\/03\/Incendio-3-2.jpg","jetpack_shortlink":"https:\/\/wp.me\/p6RhLt-nrm","jetpack_sharing_enabled":true,"_links":{"self":[{"href":"https:\/\/eldiariodesanpedro.com.ar\/sitio\/wp-json\/wp\/v2\/posts\/90108","targetHints":{"allow":["GET"]}}],"collection":[{"href":"https:\/\/eldiariodesanpedro.com.ar\/sitio\/wp-json\/wp\/v2\/posts"}],"about":[{"href":"https:\/\/eldiariodesanpedro.com.ar\/sitio\/wp-json\/wp\/v2\/types\/post"}],"author":[{"embeddable":true,"href":"https:\/\/eldiariodesanpedro.com.ar\/sitio\/wp-json\/wp\/v2\/users\/4"}],"replies":[{"embeddable":true,"href":"https:\/\/eldiariodesanpedro.com.ar\/sitio\/wp-json\/wp\/v2\/comments?post=90108"}],"version-history":[{"count":1,"href":"https:\/\/eldiariodesanpedro.com.ar\/sitio\/wp-json\/wp\/v2\/posts\/90108\/revisions"}],"predecessor-version":[{"id":90110,"href":"https:\/\/eldiariodesanpedro.com.ar\/sitio\/wp-json\/wp\/v2\/posts\/90108\/revisions\/90110"}],"wp:featuredmedia":[{"embeddable":true,"href":"https:\/\/eldiariodesanpedro.com.ar\/sitio\/wp-json\/wp\/v2\/media\/90109"}],"wp:attachment":[{"href":"https:\/\/eldiariodesanpedro.com.ar\/sitio\/wp-json\/wp\/v2\/media?parent=90108"}],"wp:term":[{"taxonomy":"category","embeddable":true,"href":"https:\/\/eldiariodesanpedro.com.ar\/sitio\/wp-json\/wp\/v2\/categories?post=90108"},{"taxonomy":"post_tag","embeddable":true,"href":"https:\/\/eldiariodesanpedro.com.ar\/sitio\/wp-json\/wp\/v2\/tags?post=90108"}],"curies":[{"name":"wp","href":"https:\/\/api.w.org\/{rel}","templated":true}]}}