{"id":90106,"date":"2021-03-31T09:55:47","date_gmt":"2021-03-31T12:55:47","guid":{"rendered":"https:\/\/eldiariodesanpedro.com.ar\/sitio\/?p=90106"},"modified":"2021-03-31T09:55:51","modified_gmt":"2021-03-31T12:55:51","slug":"los-eventos-programados-este-fin-de-semana-se-desarrollaran-con-normalidad-a-pesar-de-las-nuevas-restricciones","status":"publish","type":"post","link":"https:\/\/eldiariodesanpedro.com.ar\/sitio\/los-eventos-programados-este-fin-de-semana-se-desarrollaran-con-normalidad-a-pesar-de-las-nuevas-restricciones\/","title":{"rendered":"Los eventos programados este fin de semana se desarrollaran con normalidad a pesar de las nuevas restricciones"},"content":{"rendered":"<!-- VideographyWP Plugin Message: Automatic video embedding prevented by plugin options. -->\n\n<p>En la jornada de ayer el Gobernador de la Provincia de Buenos Aires realizo anuncios sobre restricciones en horarios de la nocturnidad y en capacidad de personas en eventos personales, pero el intendente de nuestra ciudad decidi\u00f3 mantener los eventos sociales privados y p\u00fablicos como ya estaban previstos.<\/p>\n\n\n\n<p>El Director de Modernizaci\u00f3n Hern\u00e1n Contreras, quien tiene a cargo la interpretaci\u00f3n de los comunicados enviados por parte de la provincia, en la jornada de ayer se reuni\u00f3 con el ejecutivo para tomar la determinaci\u00f3n de no perjudicar a los eventos tantos privados como p\u00fablicos que estaban predispuestos para este fin de semana largo y a partir del d\u00eda lunes ver como se continua con las restricciones impuestas por el Gobernador Axel Kicilof.<\/p>\n\n\n\n<p>\u00abVi\u00e9ndolo con la resoluci\u00f3n en mano, los eventos sociales, culturales, recreativos o religiosos, siguen en las mismas condiciones que hasta ayer. Lo que presta a confusi\u00f3n es que en la conferencia hablaron de un m\u00e1ximo de hasta 10 personas, pero tiene que ver actividades que no tienen protocolo definido\u00bb sostuvo Contreras.\u00a0<\/p>\n\n\n\n<p>De tal forma, podr\u00e1n efectuarse las actividades art\u00edsticas programadas en la Costanera y tambi\u00e9n las fiestas en salones de eventos. La \u00fanica restricci\u00f3n ser\u00e1 horaria, ya que no podr\u00e1n extenderse m\u00e1s all\u00e1 de las 2 de la madrugada.\u00a0<\/p>\n","protected":false},"excerpt":{"rendered":"<p>En la jornada de ayer el Gobernador de la Provincia de Buenos Aires realizo anuncios sobre restricciones en horarios de la nocturnidad y en capacidad de personas en eventos personales, pero el intendente de nuestra ciudad decidi\u00f3 mantener los eventos sociales privados y p\u00fablicos como ya estaban previstos. El Director de Modernizaci\u00f3n Hern\u00e1n Contreras, quien [&hellip;]<\/p>\n","protected":false},"author":4,"featured_media":89965,"comment_status":"open","ping_status":"closed","sticky":false,"template":"","format":"standard","meta":{"om_disable_all_campaigns":false,"_jetpack_memberships_contains_paid_content":false,"footnotes":""},"categories":[50,101,2],"tags":[],"class_list":["post-90106","post","type-post","status-publish","format-standard","has-post-thumbnail","hentry","category-destacadas","category-interes-general-locales","category-locales"],"aioseo_notices":[],"gutentor_comment":0,"jetpack_featured_media_url":"https:\/\/eldiariodesanpedro.com.ar\/sitio\/wp-content\/uploads\/2021\/03\/bares.jpg","jetpack_shortlink":"https:\/\/wp.me\/p6RhLt-nrk","jetpack_sharing_enabled":true,"_links":{"self":[{"href":"https:\/\/eldiariodesanpedro.com.ar\/sitio\/wp-json\/wp\/v2\/posts\/90106","targetHints":{"allow":["GET"]}}],"collection":[{"href":"https:\/\/eldiariodesanpedro.com.ar\/sitio\/wp-json\/wp\/v2\/posts"}],"about":[{"href":"https:\/\/eldiariodesanpedro.com.ar\/sitio\/wp-json\/wp\/v2\/types\/post"}],"author":[{"embeddable":true,"href":"https:\/\/eldiariodesanpedro.com.ar\/sitio\/wp-json\/wp\/v2\/users\/4"}],"replies":[{"embeddable":true,"href":"https:\/\/eldiariodesanpedro.com.ar\/sitio\/wp-json\/wp\/v2\/comments?post=90106"}],"version-history":[{"count":1,"href":"https:\/\/eldiariodesanpedro.com.ar\/sitio\/wp-json\/wp\/v2\/posts\/90106\/revisions"}],"predecessor-version":[{"id":90107,"href":"https:\/\/eldiariodesanpedro.com.ar\/sitio\/wp-json\/wp\/v2\/posts\/90106\/revisions\/90107"}],"wp:featuredmedia":[{"embeddable":true,"href":"https:\/\/eldiariodesanpedro.com.ar\/sitio\/wp-json\/wp\/v2\/media\/89965"}],"wp:attachment":[{"href":"https:\/\/eldiariodesanpedro.com.ar\/sitio\/wp-json\/wp\/v2\/media?parent=90106"}],"wp:term":[{"taxonomy":"category","embeddable":true,"href":"https:\/\/eldiariodesanpedro.com.ar\/sitio\/wp-json\/wp\/v2\/categories?post=90106"},{"taxonomy":"post_tag","embeddable":true,"href":"https:\/\/eldiariodesanpedro.com.ar\/sitio\/wp-json\/wp\/v2\/tags?post=90106"}],"curies":[{"name":"wp","href":"https:\/\/api.w.org\/{rel}","templated":true}]}}