{"id":90103,"date":"2021-03-31T09:41:37","date_gmt":"2021-03-31T12:41:37","guid":{"rendered":"https:\/\/eldiariodesanpedro.com.ar\/sitio\/?p=90103"},"modified":"2021-03-31T09:41:42","modified_gmt":"2021-03-31T12:41:42","slug":"el-inta-san-pedro-despide-a-un-protagonista-de-su-historia","status":"publish","type":"post","link":"https:\/\/eldiariodesanpedro.com.ar\/sitio\/el-inta-san-pedro-despide-a-un-protagonista-de-su-historia\/","title":{"rendered":"El INTA San Pedro despide a un protagonista de su historia"},"content":{"rendered":"<!-- VideographyWP Plugin Message: Automatic video embedding prevented by plugin options. -->\n\n<p>El recordado meteor\u00f3logo falleci\u00f3 a los 79 a\u00f1os. Adem\u00e1s pas\u00f3 por distintas entidades como Independencia FC y la Colomb\u00f3fila.\u00a0<\/p>\n\n\n\n<p>En tiempos en los que la tecnolog\u00eda ha convertido a muchas de nuestras actividades en procesos que cuentan con un amplio universo de recursos resulta doblemente meritorio el homenaje de despedida para uno de los trabajadores del INTA San Pedro que con su actividad expres\u00f3 claramente el v\u00ednculo de servicio que nuestro organismo ha venido construyendo con los productores y la comunidad.<\/p>\n\n\n\n<p>Hoy a los 79 a\u00f1os, nos dej\u00f3 Ra\u00fal Uviedo, responsable del \u00e1rea de meteorolog\u00eda de la Estaci\u00f3n Experimental San Pedro. Estudioso, apasionado y prolijo, con toda una vida dedicada a construir la historia clim\u00e1tica de nuestra regi\u00f3n.<\/p>\n\n\n\n<p>Ra\u00fal Uviedo ingres\u00f3 a la Estaci\u00f3n Experimental Agropecuaria en mayo de 1963 y se jubil\u00f3 44 a\u00f1os despu\u00e9s, en 2007. En sus comienzos, su tarea se centr\u00f3 en el apoyo al manejo del vivero de la colecci\u00f3n de c\u00edtricos de la Estaci\u00f3n Experimental, en el procesamiento de la informaci\u00f3n registrada all\u00ed, y la toma de datos en el observatorio meteorol\u00f3gico.<br>&nbsp;<br>Dos a\u00f1os despu\u00e9s, se hace cargo de la Estaci\u00f3n Agrometeorol\u00f3gica que registra datos hist\u00f3ricos desde 1965, enviando los datos peri\u00f3dicamente al Instituto de Clima y Agua del INTA Castelar y al Servicio Meteorol\u00f3gico Nacional. En 1981 obtuvo el t\u00edtulo de t\u00e9cnico en Agrometeorolog\u00eda en la Facultad de Ciencias Exactas y Naturales de la Universidad Nacional de Buenos Aires. A lo largo de su carrera se ocup\u00f3 de la preparaci\u00f3n de informes especiales como apoyo a la investigaci\u00f3n en distintos cultivos. Adem\u00e1s, integr\u00f3 con el Observatorio la Red Internacional CLIMAT, preparando la estad\u00edstica de los par\u00e1metros, y haci\u00e9ndolos llegar al Servicio Meteorol\u00f3gico Nacional.<br>&nbsp;<br>Fue el iniciador del bolet\u00edn electr\u00f3nico diario con la informaci\u00f3n registrada en las \u00faltimas lecturas y que hoy se contin\u00faa.&nbsp; En 1998, y frente a los problemas que generaban las heladas tard\u00edas, comenz\u00f3 a brindar el Servicio de Alarma para el Control de Heladas, que un a\u00f1o m\u00e1s tarde se consolidar\u00eda con un acuerdo con radios locales que tomaron la responsabilidad de disponer de operadores las noches susceptibles a heladas para que cada hora se emitieran los partes con los datos m\u00e1s significativos. Esto, conjuntamente con la contrastaci\u00f3n de instrumental de medici\u00f3n de los productores, lo ha mantenido en contacto diario con los fruticultores locales.<\/p>\n\n\n\n<p>Comunicado del Inta San Pedro<\/p>\n","protected":false},"excerpt":{"rendered":"<p>El recordado meteor\u00f3logo falleci\u00f3 a los 79 a\u00f1os. Adem\u00e1s pas\u00f3 por distintas entidades como Independencia FC y la Colomb\u00f3fila.\u00a0 En tiempos en los que la tecnolog\u00eda ha convertido a muchas de nuestras actividades en procesos que cuentan con un amplio universo de recursos resulta doblemente meritorio el homenaje de despedida para uno de los trabajadores [&hellip;]<\/p>\n","protected":false},"author":4,"featured_media":90104,"comment_status":"open","ping_status":"closed","sticky":false,"template":"","format":"standard","meta":{"om_disable_all_campaigns":false,"_jetpack_memberships_contains_paid_content":false,"footnotes":""},"categories":[50,101,2],"tags":[],"class_list":["post-90103","post","type-post","status-publish","format-standard","has-post-thumbnail","hentry","category-destacadas","category-interes-general-locales","category-locales"],"aioseo_notices":[],"gutentor_comment":0,"jetpack_featured_media_url":"https:\/\/eldiariodesanpedro.com.ar\/sitio\/wp-content\/uploads\/2021\/03\/000090761.jpg","jetpack_shortlink":"https:\/\/wp.me\/p6RhLt-nrh","jetpack_sharing_enabled":true,"_links":{"self":[{"href":"https:\/\/eldiariodesanpedro.com.ar\/sitio\/wp-json\/wp\/v2\/posts\/90103","targetHints":{"allow":["GET"]}}],"collection":[{"href":"https:\/\/eldiariodesanpedro.com.ar\/sitio\/wp-json\/wp\/v2\/posts"}],"about":[{"href":"https:\/\/eldiariodesanpedro.com.ar\/sitio\/wp-json\/wp\/v2\/types\/post"}],"author":[{"embeddable":true,"href":"https:\/\/eldiariodesanpedro.com.ar\/sitio\/wp-json\/wp\/v2\/users\/4"}],"replies":[{"embeddable":true,"href":"https:\/\/eldiariodesanpedro.com.ar\/sitio\/wp-json\/wp\/v2\/comments?post=90103"}],"version-history":[{"count":1,"href":"https:\/\/eldiariodesanpedro.com.ar\/sitio\/wp-json\/wp\/v2\/posts\/90103\/revisions"}],"predecessor-version":[{"id":90105,"href":"https:\/\/eldiariodesanpedro.com.ar\/sitio\/wp-json\/wp\/v2\/posts\/90103\/revisions\/90105"}],"wp:featuredmedia":[{"embeddable":true,"href":"https:\/\/eldiariodesanpedro.com.ar\/sitio\/wp-json\/wp\/v2\/media\/90104"}],"wp:attachment":[{"href":"https:\/\/eldiariodesanpedro.com.ar\/sitio\/wp-json\/wp\/v2\/media?parent=90103"}],"wp:term":[{"taxonomy":"category","embeddable":true,"href":"https:\/\/eldiariodesanpedro.com.ar\/sitio\/wp-json\/wp\/v2\/categories?post=90103"},{"taxonomy":"post_tag","embeddable":true,"href":"https:\/\/eldiariodesanpedro.com.ar\/sitio\/wp-json\/wp\/v2\/tags?post=90103"}],"curies":[{"name":"wp","href":"https:\/\/api.w.org\/{rel}","templated":true}]}}