{"id":90095,"date":"2021-03-31T09:12:58","date_gmt":"2021-03-31T12:12:58","guid":{"rendered":"https:\/\/eldiariodesanpedro.com.ar\/sitio\/?p=90095"},"modified":"2021-03-31T09:13:02","modified_gmt":"2021-03-31T12:13:02","slug":"ioma-presento-un-nuevo-vademecum-para-ampliar-la-cobertura-en-medicamentos","status":"publish","type":"post","link":"https:\/\/eldiariodesanpedro.com.ar\/sitio\/ioma-presento-un-nuevo-vademecum-para-ampliar-la-cobertura-en-medicamentos\/","title":{"rendered":"IOMA present\u00f3 un nuevo vadem\u00e9cum para ampliar la cobertura en medicamentos"},"content":{"rendered":"<!-- VideographyWP Plugin Message: Automatic video embedding prevented by plugin options. -->\n\n<p>Lo anunci\u00f3 el Gobernador junto al ministro de Salud, Daniel Gollan, y el presidente de la obra social, Homero Giles.<\/p>\n\n\n\n<p>El gobernador de la provincia de Buenos Aires, Axel Kicillof, present\u00f3 este martes el nuevo vadem\u00e9cum de IOMA que, con una inversi\u00f3n anual de 2.400 millones de pesos, ampl\u00eda la cobertura de medicamentos en beneficio de m\u00e1s de dos millones de bonaerenses. Fue en el Sal\u00f3n Dorado de la Gobernaci\u00f3n, junto al ministro de Salud, Daniel Gollan, y el presidente de la obra social, Homero Giles.<\/p>\n\n\n\n<p>En ese marco, Kicillof destac\u00f3 que \u201ca pesar de que recibimos al IOMA con un d\u00e9ficit econ\u00f3mico de 3.829 millones de pesos, solo comparable con lo que hab\u00eda sucedido en 2001, pudimos llegar a un acuerdo para ampliar la cobertura de medicamentos\u201d. \u201cEn medio de la pandemia, empezamos a pagar las deudas y a revertir la situaci\u00f3n cr\u00edtica que afrontaba la obra social, con el objetivo de mejorar la calidad de vida de sus dos millones de afiliados y afiliadas\u201d, agreg\u00f3.<\/p>\n\n\n\n<p>El nuevo vadem\u00e9cum permitir\u00e1 que los afiliados de IOMA paguen menos para acceder a los medicamentos: 2.400 remedios tendr\u00e1n una cobertura de entre el 70% y el 100%, en tanto que otros 3.400 alcanzar\u00e1n descuentos de entre el 40% y el 70%.<\/p>\n\n\n\n<p>Asimismo, el Gobernador subray\u00f3 que \u201cno solo se ampl\u00eda la cobertura de remedios gratuitos, sino que tambi\u00e9n hemos avanzado en materia de recetas electr\u00f3nicas, trazabilidad de los medicamentos, historias farmacol\u00f3gicas unificadas y la utilizaci\u00f3n de una credencial digital para mejorar el control de las prestaciones\u201d.<br><br>Por su parte, Gollan enfatiz\u00f3 que \u201cestamos desarrollando desde el IOMA una pol\u00edtica muy fuerte para que los afiliados puedan recibir prestaciones de calidad en prevenci\u00f3n, promoci\u00f3n y rehabilitaci\u00f3n de la salud y, al mismo tiempo, deban pagar lo menos posible para acceder a ellas\u201d. \u201cVamos a seguir trabajando para convertir al IOMA en una instituci\u00f3n mucho mejor de la que recibimos\u201d, a\u00f1adi\u00f3.<br><br>\u201cDesde 2014 que no se actualizaba la cobertura de medicamentos por parte de IOMA, lo que implic\u00f3 un mayor gasto de bolsillo para nuestros afiliados y afiliadas\u201d, asegur\u00f3 Giles. \u201cEl trabajo conjunto con sindicatos y laboratorios nacionales nos permiti\u00f3 no solo ampliar la cobertura, sino tambi\u00e9n aumentar la cantidad de remedios con descuentos del 100%\u201d, sostuvo y agreg\u00f3: \u201cCon este anuncio, se genera un baja promedio del 46% del gasto de nuestros afiliados en remedios\u201d.<br><br>Estuvieron presentes tambi\u00e9n la ministra de Gobierno, Teresa Garc\u00eda; el viceministro de Salud, Nicol\u00e1s Kreplak; y representantes de los trabajadores de la salud en la provincia de Buenos Aires.<\/p>\n\n\n\n<p><a rel=\"noreferrer noopener\" href=\"https:\/\/www.facebook.com\/dialog\/send?app_id=140586622674265&amp;link=https%3A%2F%2Farrecifesnoticias.com%2Fnacionales%2Fioma-presento-un-nuevo-vademecum-para-ampliar-la-cobertura-en-medicamentos%2F&amp;redirect_uri=https%3A%2F%2Farrecifesnoticias.com%2Fnacionales%2Fioma-presento-un-nuevo-vademecum-para-ampliar-la-cobertura-en-medicamentos%2F\" target=\"_blank\"><\/a><\/p>\n","protected":false},"excerpt":{"rendered":"<p>Lo anunci\u00f3 el Gobernador junto al ministro de Salud, Daniel Gollan, y el presidente de la obra social, Homero Giles. El gobernador de la provincia de Buenos Aires, Axel Kicillof, present\u00f3 este martes el nuevo vadem\u00e9cum de IOMA que, con una inversi\u00f3n anual de 2.400 millones de pesos, ampl\u00eda la cobertura de medicamentos en beneficio [&hellip;]<\/p>\n","protected":false},"author":4,"featured_media":90096,"comment_status":"open","ping_status":"closed","sticky":false,"template":"","format":"standard","meta":{"om_disable_all_campaigns":false,"_jetpack_memberships_contains_paid_content":false,"footnotes":""},"categories":[621],"tags":[],"class_list":["post-90095","post","type-post","status-publish","format-standard","has-post-thumbnail","hentry","category-regionales"],"aioseo_notices":[],"gutentor_comment":0,"jetpack_featured_media_url":"https:\/\/eldiariodesanpedro.com.ar\/sitio\/wp-content\/uploads\/2021\/03\/Daniel-Gollan-Axel-Kicillof-752x510-1.jpg","jetpack_shortlink":"https:\/\/wp.me\/p6RhLt-nr9","jetpack_sharing_enabled":true,"_links":{"self":[{"href":"https:\/\/eldiariodesanpedro.com.ar\/sitio\/wp-json\/wp\/v2\/posts\/90095","targetHints":{"allow":["GET"]}}],"collection":[{"href":"https:\/\/eldiariodesanpedro.com.ar\/sitio\/wp-json\/wp\/v2\/posts"}],"about":[{"href":"https:\/\/eldiariodesanpedro.com.ar\/sitio\/wp-json\/wp\/v2\/types\/post"}],"author":[{"embeddable":true,"href":"https:\/\/eldiariodesanpedro.com.ar\/sitio\/wp-json\/wp\/v2\/users\/4"}],"replies":[{"embeddable":true,"href":"https:\/\/eldiariodesanpedro.com.ar\/sitio\/wp-json\/wp\/v2\/comments?post=90095"}],"version-history":[{"count":1,"href":"https:\/\/eldiariodesanpedro.com.ar\/sitio\/wp-json\/wp\/v2\/posts\/90095\/revisions"}],"predecessor-version":[{"id":90097,"href":"https:\/\/eldiariodesanpedro.com.ar\/sitio\/wp-json\/wp\/v2\/posts\/90095\/revisions\/90097"}],"wp:featuredmedia":[{"embeddable":true,"href":"https:\/\/eldiariodesanpedro.com.ar\/sitio\/wp-json\/wp\/v2\/media\/90096"}],"wp:attachment":[{"href":"https:\/\/eldiariodesanpedro.com.ar\/sitio\/wp-json\/wp\/v2\/media?parent=90095"}],"wp:term":[{"taxonomy":"category","embeddable":true,"href":"https:\/\/eldiariodesanpedro.com.ar\/sitio\/wp-json\/wp\/v2\/categories?post=90095"},{"taxonomy":"post_tag","embeddable":true,"href":"https:\/\/eldiariodesanpedro.com.ar\/sitio\/wp-json\/wp\/v2\/tags?post=90095"}],"curies":[{"name":"wp","href":"https:\/\/api.w.org\/{rel}","templated":true}]}}