{"id":90092,"date":"2021-03-31T09:10:04","date_gmt":"2021-03-31T12:10:04","guid":{"rendered":"https:\/\/eldiariodesanpedro.com.ar\/sitio\/?p=90092"},"modified":"2021-03-31T09:10:04","modified_gmt":"2021-03-31T12:10:04","slug":"ramallo-se-acordo-la-reapertura-de-arrebeef","status":"publish","type":"post","link":"https:\/\/eldiariodesanpedro.com.ar\/sitio\/ramallo-se-acordo-la-reapertura-de-arrebeef\/","title":{"rendered":"RAMALLO | Se acord\u00f3 la reapertura de ArreBeef"},"content":{"rendered":"<!-- VideographyWP Plugin Message: Automatic video embedding prevented by plugin options. -->\n\n<p>La planta de P\u00e9rez Mill\u00e1n reanudar\u00e1 las tareas en forma escalonada, comprometi\u00e9ndose a emplear a mil trabajadores.<\/p>\n\n\n\n<p>La Federaci\u00f3n de la Carne envi\u00f3 una notificaci\u00f3n a los trabajadores de ArreBeef con los resultados de la reuni\u00f3n que se realiz\u00f3 hoy en el Ministerio de Trabajo de la Provincia de Buenos Aires, de la cual participaron tambi\u00e9n directivos de la firma frigor\u00edfica arrecife\u00f1a.<\/p>\n\n\n\n<p>Se acord\u00f3 que:<br>\u2013 Habr\u00e1 una reapertura escalonada de la planta, hasta lograr su m\u00e1xima operatividad.<br>\u2013 La empresa se comprometi\u00f3 al ingreso de la plantilla de mil trabajadores, con la salvedad de unos sesenta y cinco trabajadores sobre los que existen causas judiciales.<br>\u2013 El pago de la quincena se realizar\u00e1 en dos tramos, la primera parte este mi\u00e9rcoles 31 de marzo y el saldo el viernes 9 de abril.<br>\u2013 Los camiones jaulas con ganado en pie comenzar\u00e1n a ingresar a partir del lunes 5 de abril.Compart\u00ed esta nota<a href=\"https:\/\/www.facebook.com\/sharer.php?u=https%3A%2F%2Farrecifesnoticias.com%2Feconomia%2Fse-acordo-la-reapertura-de-arrebeef%2F\" target=\"_blank\" rel=\"noreferrer noopener\"><\/a>0<a href=\"https:\/\/twitter.com\/share?url=https%3A%2F%2Farrecifesnoticias.com%2Feconomia%2Fse-acordo-la-reapertura-de-arrebeef%2F&amp;text=@NotiArrecifes&amp;via=NotiArrecifes\" target=\"_blank\" rel=\"noreferrer noopener\"><\/a><a href=\"https:\/\/web.whatsapp.com\/send?text=Se%20acord%C3%B3%20la%20reapertura%20de%20ArreBeef%20%E2%98%9B%20https%3A%2F%2Farrecifesnoticias.com%2Feconomia%2Fse-acordo-la-reapertura-de-arrebeef%2F\" target=\"_blank\" rel=\"noreferrer noopener\"><\/a><a href=\"mailto:?subject=Se%20acord%C3%B3%20la%20reapertura%20de%20ArreBeef&amp;body=https%3A%2F%2Farrecifesnoticias.com%2Feconomia%2Fse-acordo-la-reapertura-de-arrebeef%2F%0A%0ASe%20acord%C3%B3%20la%20reapertura%20de%20ArreBeef%0A%0ALa%20planta%20de%20P%C3%A9rez%20Mill%C3%A1n%20reanudar%C3%A1%20las%20tareas%20en%20forma%20escalonada%2C%20comprometi%C3%A9ndose%20a%20emplear%20a%20mil%20trabajadores.%0A%0A%0A%0ALa%20Federaci%C3%B3n%20de%20la%20Carne%20envi%C3%B3%20una%20notificaci%C3%B3n%20a%20los%20trabajadores%20de%20ArreBeef%20con%20los%20resultados%20de%20la%20reuni%C3%B3n%20que%20se%20realiz%C3%B3%20hoy%20en%20el%20Ministerio%20de%20Trabajo%20de%20la%20Provincia%20de%20Buenos%20Aires%2C%20de%20la%20cual%20participaron%20tambi%C3%A9n%20directivos%20de%20la%20firma%20frigor%C3%ADfica%20arrecife%C3%B1a.%0A%0A%0A%0ASe%20acord%C3%B3%20que%3A-%20Habr%C3%A1%20una%20reapertura%20escalonada%20de%20la%20planta%2C%20hasta%20lograr%20su%20m%C3%A1xima%20operatividad.-%20La%20empresa%20se%20comprometi%C3%B3%20al%20ingreso%20de%20la%20plantilla%20de%20mil%20trabajadores%2C%20con%20la%20salvedad%20de%20unos%20sesenta%20y%20cinco%20trabajadores%20sobre%20los%20que%20existen%20causas%20judiciales.-%20El%20pago%20de%20la%20quincena%20se%20realizar%C3%A1%20en%20dos%20tramos%2C%20la%20primera%20parte%20este%20mi%C3%A9rcoles%2031%20de%20marzo%20y%20el%20saldo%20el%20viernes%209%20de%20abril.-%20Los%20camiones%20jaulas%20con%20ganado%20en%20pie%20comenzar%C3%A1n%20a%20ingresar%20a%20partir%20del%20lunes%205%20de%20abril.%0A\"><\/a><a href=\"https:\/\/www.printfriendly.com\/print?url=https%3A%2F%2Farrecifesnoticias.com%2Feconomia%2Fse-acordo-la-reapertura-de-arrebeef%2F\" target=\"_blank\" rel=\"noreferrer noopener\"><\/a><a href=\"https:\/\/telegram.me\/share\/url?url=https%3A%2F%2Farrecifesnoticias.com%2Feconomia%2Fse-acordo-la-reapertura-de-arrebeef%2F&amp;text=Se%20acord%C3%B3%20la%20reapertura%20de%20ArreBeef\" target=\"_blank\" rel=\"noreferrer noopener\"><\/a><a href=\"javascript:void(0);\"><\/a><a href=\"https:\/\/www.facebook.com\/dialog\/send?app_id=140586622674265&amp;link=https%3A%2F%2Farrecifesnoticias.com%2Feconomia%2Fse-acordo-la-reapertura-de-arrebeef%2F&amp;redirect_uri=https%3A%2F%2Farrecifesnoticias.com%2Feconomia%2Fse-acordo-la-reapertura-de-arrebeef%2F\" target=\"_blank\" rel=\"noreferrer noopener\"><\/a><\/p>\n","protected":false},"excerpt":{"rendered":"<p>La planta de P\u00e9rez Mill\u00e1n reanudar\u00e1 las tareas en forma escalonada, comprometi\u00e9ndose a emplear a mil trabajadores. La Federaci\u00f3n de la Carne envi\u00f3 una notificaci\u00f3n a los trabajadores de ArreBeef con los resultados de la reuni\u00f3n que se realiz\u00f3 hoy en el Ministerio de Trabajo de la Provincia de Buenos Aires, de la cual participaron [&hellip;]<\/p>\n","protected":false},"author":4,"featured_media":90093,"comment_status":"open","ping_status":"closed","sticky":false,"template":"","format":"standard","meta":{"om_disable_all_campaigns":false,"_jetpack_memberships_contains_paid_content":false,"footnotes":""},"categories":[621],"tags":[],"class_list":["post-90092","post","type-post","status-publish","format-standard","has-post-thumbnail","hentry","category-regionales"],"aioseo_notices":[],"gutentor_comment":0,"jetpack_featured_media_url":"https:\/\/eldiariodesanpedro.com.ar\/sitio\/wp-content\/uploads\/2021\/03\/Arre-Beef-772x510-1.jpg","jetpack_shortlink":"https:\/\/wp.me\/p6RhLt-nr6","jetpack_sharing_enabled":true,"_links":{"self":[{"href":"https:\/\/eldiariodesanpedro.com.ar\/sitio\/wp-json\/wp\/v2\/posts\/90092","targetHints":{"allow":["GET"]}}],"collection":[{"href":"https:\/\/eldiariodesanpedro.com.ar\/sitio\/wp-json\/wp\/v2\/posts"}],"about":[{"href":"https:\/\/eldiariodesanpedro.com.ar\/sitio\/wp-json\/wp\/v2\/types\/post"}],"author":[{"embeddable":true,"href":"https:\/\/eldiariodesanpedro.com.ar\/sitio\/wp-json\/wp\/v2\/users\/4"}],"replies":[{"embeddable":true,"href":"https:\/\/eldiariodesanpedro.com.ar\/sitio\/wp-json\/wp\/v2\/comments?post=90092"}],"version-history":[{"count":1,"href":"https:\/\/eldiariodesanpedro.com.ar\/sitio\/wp-json\/wp\/v2\/posts\/90092\/revisions"}],"predecessor-version":[{"id":90094,"href":"https:\/\/eldiariodesanpedro.com.ar\/sitio\/wp-json\/wp\/v2\/posts\/90092\/revisions\/90094"}],"wp:featuredmedia":[{"embeddable":true,"href":"https:\/\/eldiariodesanpedro.com.ar\/sitio\/wp-json\/wp\/v2\/media\/90093"}],"wp:attachment":[{"href":"https:\/\/eldiariodesanpedro.com.ar\/sitio\/wp-json\/wp\/v2\/media?parent=90092"}],"wp:term":[{"taxonomy":"category","embeddable":true,"href":"https:\/\/eldiariodesanpedro.com.ar\/sitio\/wp-json\/wp\/v2\/categories?post=90092"},{"taxonomy":"post_tag","embeddable":true,"href":"https:\/\/eldiariodesanpedro.com.ar\/sitio\/wp-json\/wp\/v2\/tags?post=90092"}],"curies":[{"name":"wp","href":"https:\/\/api.w.org\/{rel}","templated":true}]}}