{"id":9009,"date":"2016-10-19T18:50:50","date_gmt":"2016-10-19T21:50:50","guid":{"rendered":"https:\/\/eldiariodesanpedro.com.ar\/sitio\/?p=9009"},"modified":"2016-10-19T18:50:50","modified_gmt":"2016-10-19T21:50:50","slug":"ucr-se-conformo-una-lista-de-unidad-con-pando-como-presidente","status":"publish","type":"post","link":"https:\/\/eldiariodesanpedro.com.ar\/sitio\/ucr-se-conformo-una-lista-de-unidad-con-pando-como-presidente\/","title":{"rendered":"UCR: Se conform\u00f3 una lista de unidad con Pando como presidente"},"content":{"rendered":"<p><!-- VideographyWP Plugin Message: Automatic video embedding prevented by plugin options. --><br \/>\nOficialismo y oposici\u00f3n se han puesto de acuerdo para conducir los destinos del centenario partido. Se conform\u00f3 una lista \u00fanica, por lo que no hubo elecciones internas.<br \/>\nPando oficializ\u00f3 la noticia a trav\u00e9s de su Facebook: \u201cVengo a contarles una noticia que me llena de orgullo. Los radicales de San Pedro nos hemos puesto de acuerdo y se ha logrado la unidad partidaria\u201d.<br \/>\nEn ese sentido explic\u00f3: \u201cLa Junta Electoral acaba de notificarnos de su resoluci\u00f3n 51\/2016 en la que nuestra lista ha sido oficializada como lista \u00fanica. En ese marco, voy a tener el enorme HONOR y la gran RESPONSABILIDAD de conducir junto a Enzo Gravino, Mar\u00eda Elisa Ferraro, Marcelo Paganuchi y un gran equipo a la Uni\u00f3n C\u00edvica Radical de San Pedro durante los pr\u00f3ximos a\u00f1os. Sabrina Salaverry, por su parte, ser\u00e1 quien conduzca a la Juventud Radical\u201d.<br \/>\nLuego sostuvo: \u201cTenemos grandes desaf\u00edos. La tarea que nos espera es ardua. Tendremos la exigencia de conformar una nueva generaci\u00f3n de dirigentes que sepan interpretar los nuevos tiempos para poder acompa\u00f1ar y potenciar desde el radicalismo al Frente #Cambiemos. Pero no podemos hacerlo solos. Por eso, vamos convocar a todos aquellos que se sientan cercanos a los valores y convicciones de nuestro partido, a sumarse\u201d.<br \/>\nPor \u00faltimo, se\u00f1al\u00f3: \u201cQueremos hacer un partido participativo, abierto y con armon\u00eda , y que todos los que se sientan convocados por la defensa de la Constituci\u00f3n, la democracia, las libertades p\u00fablicas, la educaci\u00f3n, la cultura del trabajo, la igualdad de oportunidades reales para todos y la lucha por los excluidos, encuentren su lugar en la UCR\u201d.<\/p>\n","protected":false},"excerpt":{"rendered":"<p>Oficialismo y oposici\u00f3n se han puesto de acuerdo para conducir los destinos del centenario partido. Se conform\u00f3 una lista \u00fanica, por lo que no hubo elecciones internas. Pando oficializ\u00f3 la noticia a trav\u00e9s de su Facebook: \u201cVengo a contarles una noticia que me llena de orgullo. Los radicales de San Pedro nos hemos puesto de [&hellip;]<\/p>\n","protected":false},"author":4,"featured_media":9010,"comment_status":"open","ping_status":"closed","sticky":false,"template":"","format":"standard","meta":{"om_disable_all_campaigns":false,"_jetpack_memberships_contains_paid_content":false,"footnotes":""},"categories":[2,102],"tags":[],"class_list":["post-9009","post","type-post","status-publish","format-standard","has-post-thumbnail","hentry","category-locales","category-politica-locales"],"aioseo_notices":[],"gutentor_comment":0,"jetpack_featured_media_url":"https:\/\/eldiariodesanpedro.com.ar\/sitio\/wp-content\/uploads\/2016\/10\/PAGINA-4-01-2.jpg","jetpack_shortlink":"https:\/\/wp.me\/p6RhLt-2lj","jetpack_sharing_enabled":true,"_links":{"self":[{"href":"https:\/\/eldiariodesanpedro.com.ar\/sitio\/wp-json\/wp\/v2\/posts\/9009","targetHints":{"allow":["GET"]}}],"collection":[{"href":"https:\/\/eldiariodesanpedro.com.ar\/sitio\/wp-json\/wp\/v2\/posts"}],"about":[{"href":"https:\/\/eldiariodesanpedro.com.ar\/sitio\/wp-json\/wp\/v2\/types\/post"}],"author":[{"embeddable":true,"href":"https:\/\/eldiariodesanpedro.com.ar\/sitio\/wp-json\/wp\/v2\/users\/4"}],"replies":[{"embeddable":true,"href":"https:\/\/eldiariodesanpedro.com.ar\/sitio\/wp-json\/wp\/v2\/comments?post=9009"}],"version-history":[{"count":1,"href":"https:\/\/eldiariodesanpedro.com.ar\/sitio\/wp-json\/wp\/v2\/posts\/9009\/revisions"}],"predecessor-version":[{"id":9011,"href":"https:\/\/eldiariodesanpedro.com.ar\/sitio\/wp-json\/wp\/v2\/posts\/9009\/revisions\/9011"}],"wp:featuredmedia":[{"embeddable":true,"href":"https:\/\/eldiariodesanpedro.com.ar\/sitio\/wp-json\/wp\/v2\/media\/9010"}],"wp:attachment":[{"href":"https:\/\/eldiariodesanpedro.com.ar\/sitio\/wp-json\/wp\/v2\/media?parent=9009"}],"wp:term":[{"taxonomy":"category","embeddable":true,"href":"https:\/\/eldiariodesanpedro.com.ar\/sitio\/wp-json\/wp\/v2\/categories?post=9009"},{"taxonomy":"post_tag","embeddable":true,"href":"https:\/\/eldiariodesanpedro.com.ar\/sitio\/wp-json\/wp\/v2\/tags?post=9009"}],"curies":[{"name":"wp","href":"https:\/\/api.w.org\/{rel}","templated":true}]}}