{"id":90089,"date":"2021-03-30T19:46:25","date_gmt":"2021-03-30T22:46:25","guid":{"rendered":"https:\/\/eldiariodesanpedro.com.ar\/sitio\/?p=90089"},"modified":"2021-03-30T19:46:29","modified_gmt":"2021-03-30T22:46:29","slug":"atencion-en-semana-santa-y-feriado-del-2-de-abril","status":"publish","type":"post","link":"https:\/\/eldiariodesanpedro.com.ar\/sitio\/atencion-en-semana-santa-y-feriado-del-2-de-abril\/","title":{"rendered":"Atenci\u00f3n en Semana Santa y Feriado del 2 de abril"},"content":{"rendered":"<!-- VideographyWP Plugin Message: Automatic video embedding prevented by plugin options. -->\n\n<p>El Centro de Comercio Industria y Turismo informa que la atenci\u00f3n de sus cajas durante los pr\u00f3ximos d\u00edas se brindar\u00e1 en los horarios habituales los d\u00edas jueves 1 y s\u00e1bado 3 de abril. El viernes 2 de abril, Viernes Santo y D\u00eda de homenaje a los veteranos y ca\u00eddos en las Islas Malvinas, las oficinas permanecer\u00e1n cerradas.<\/p>\n","protected":false},"excerpt":{"rendered":"<p>El Centro de Comercio Industria y Turismo informa que la atenci\u00f3n de sus cajas durante los pr\u00f3ximos d\u00edas se brindar\u00e1 en los horarios habituales los d\u00edas jueves 1 y s\u00e1bado 3 de abril. El viernes 2 de abril, Viernes Santo y D\u00eda de homenaje a los veteranos y ca\u00eddos en las Islas Malvinas, las oficinas [&hellip;]<\/p>\n","protected":false},"author":4,"featured_media":90090,"comment_status":"open","ping_status":"closed","sticky":false,"template":"","format":"standard","meta":{"om_disable_all_campaigns":false,"_jetpack_memberships_contains_paid_content":false,"footnotes":""},"categories":[101,2],"tags":[],"class_list":["post-90089","post","type-post","status-publish","format-standard","has-post-thumbnail","hentry","category-interes-general-locales","category-locales"],"aioseo_notices":[],"gutentor_comment":0,"jetpack_featured_media_url":"https:\/\/eldiariodesanpedro.com.ar\/sitio\/wp-content\/uploads\/2021\/03\/FIN-DE-SEMANA-ABRIL.png","jetpack_shortlink":"https:\/\/wp.me\/p6RhLt-nr3","jetpack_sharing_enabled":true,"_links":{"self":[{"href":"https:\/\/eldiariodesanpedro.com.ar\/sitio\/wp-json\/wp\/v2\/posts\/90089","targetHints":{"allow":["GET"]}}],"collection":[{"href":"https:\/\/eldiariodesanpedro.com.ar\/sitio\/wp-json\/wp\/v2\/posts"}],"about":[{"href":"https:\/\/eldiariodesanpedro.com.ar\/sitio\/wp-json\/wp\/v2\/types\/post"}],"author":[{"embeddable":true,"href":"https:\/\/eldiariodesanpedro.com.ar\/sitio\/wp-json\/wp\/v2\/users\/4"}],"replies":[{"embeddable":true,"href":"https:\/\/eldiariodesanpedro.com.ar\/sitio\/wp-json\/wp\/v2\/comments?post=90089"}],"version-history":[{"count":1,"href":"https:\/\/eldiariodesanpedro.com.ar\/sitio\/wp-json\/wp\/v2\/posts\/90089\/revisions"}],"predecessor-version":[{"id":90091,"href":"https:\/\/eldiariodesanpedro.com.ar\/sitio\/wp-json\/wp\/v2\/posts\/90089\/revisions\/90091"}],"wp:featuredmedia":[{"embeddable":true,"href":"https:\/\/eldiariodesanpedro.com.ar\/sitio\/wp-json\/wp\/v2\/media\/90090"}],"wp:attachment":[{"href":"https:\/\/eldiariodesanpedro.com.ar\/sitio\/wp-json\/wp\/v2\/media?parent=90089"}],"wp:term":[{"taxonomy":"category","embeddable":true,"href":"https:\/\/eldiariodesanpedro.com.ar\/sitio\/wp-json\/wp\/v2\/categories?post=90089"},{"taxonomy":"post_tag","embeddable":true,"href":"https:\/\/eldiariodesanpedro.com.ar\/sitio\/wp-json\/wp\/v2\/tags?post=90089"}],"curies":[{"name":"wp","href":"https:\/\/api.w.org\/{rel}","templated":true}]}}