{"id":90085,"date":"2021-03-30T19:25:19","date_gmt":"2021-03-30T22:25:19","guid":{"rendered":"https:\/\/eldiariodesanpedro.com.ar\/sitio\/?p=90085"},"modified":"2021-03-30T19:25:24","modified_gmt":"2021-03-30T22:25:24","slug":"el-intendente-reunio-a-los-jefes-de-fuerzas-de-seguridad","status":"publish","type":"post","link":"https:\/\/eldiariodesanpedro.com.ar\/sitio\/el-intendente-reunio-a-los-jefes-de-fuerzas-de-seguridad\/","title":{"rendered":"El Intendente reuni\u00f3 a los jefes de fuerzas de seguridad"},"content":{"rendered":"<!-- VideographyWP Plugin Message: Automatic video embedding prevented by plugin options. -->\n\n<p>El Intendente Cecilio Salazar convoc\u00f3 para una reuni\u00f3n esta ma\u00f1ana en su despacho, a representantes de la mayor\u00eda de las fuerzas de seguridad que trabajan en la zona.<\/p>\n\n\n\n<p>La invitaci\u00f3n se gest\u00f3 ante diferentes inquietudes recibidas en las \u00faltimas semanas a trav\u00e9s de vecinos y de organizaciones de la comunidad. El encuentro fue propicio adem\u00e1s para analizar la problem\u00e1tica planteada por productores rurales tras algunos delitos recientes, entre ellos, casos de abigeato.<\/p>\n\n\n\n<p>Desde el gobierno municipal acompa\u00f1aron al Intendente, el Secretario de Gobierno Silvio Corti, el Secretario de Seguridad Eduardo Roleri y el Director de Coordinaci\u00f3n Policial Juan Carlos Ag\u00fcero y en representaci\u00f3n de la Sociedad Rural particip\u00f3 el dirigente Ra\u00fal Victores.<\/p>\n\n\n\n<p>Por las fuerzas de seguridad convocadas participaron el Jefe de la Polic\u00eda Comunal de San Pedro Comisario Inspector Juan Catalano, el Jefe de la Estaci\u00f3n de Polic\u00eda Comunal de San Pedro Comisario Andr\u00e9s Galeano, el Jefe Zonal del Comando de Patrulla Rural de Pergamino Comisario Mayor Daniel Acosta, el Jefe del Comando de Patrulla Rural de San Pedro Comisario Gast\u00f3n Cabrera, el Jefe de la DDI San Pedro &#8211; Baradero Comisario Inspector Fernando Goienespe, el Jefe de la DDI San Pedro Subcomisario Luciano Capobianco y el Jefe de Destacamento de Seguridad Vial de San Pedro, Oficial Principal Diego Guzm\u00e1n.<\/p>\n\n\n\n<p>Ante la coyuntura actual en materia de seguridad con el regreso de algunos hechos que ante la vigencia de las restricciones de circulaci\u00f3n se hab\u00edan reducido, los jefes policiales repasaron con el Intendente y su equipo los indicadores de las \u00faltimas semanas.<\/p>\n\n\n\n<p>Se expuso la situaci\u00f3n general de la zona en cuanto a la disponibilidad de recursos para reforzar los patrullajes en diferentes zonas referenciadas como las m\u00e1s vulnerables.<\/p>\n\n\n\n<p>La asistencia conjunta de representantes de diferentes fuerzas tambi\u00e9n posibilit\u00f3 un intercambio para planificar una tarea coordinada m\u00e1s efectiva. El Intendente les solicit\u00f3 a los funcionarios presentes y a los jefes policiales el m\u00e1ximo compromiso para poder incrementar las tareas de prevenci\u00f3n en la ciudad, las localidades y la zona rural.<\/p>\n\n\n\n<figure class=\"wp-block-image size-large\"><img decoding=\"async\" width=\"1024\" height=\"484\" data-attachment-id=\"90086\" data-permalink=\"https:\/\/eldiariodesanpedro.com.ar\/sitio\/el-intendente-reunio-a-los-jefes-de-fuerzas-de-seguridad\/whatsapp-image-2021-03-30-at-19-10-30\/\" data-orig-file=\"https:\/\/eldiariodesanpedro.com.ar\/sitio\/wp-content\/uploads\/2021\/03\/WhatsApp-Image-2021-03-30-at-19.10.30.jpeg\" data-orig-size=\"1280,605\" data-comments-opened=\"1\" data-image-meta=\"{&quot;aperture&quot;:&quot;0&quot;,&quot;credit&quot;:&quot;&quot;,&quot;camera&quot;:&quot;&quot;,&quot;caption&quot;:&quot;&quot;,&quot;created_timestamp&quot;:&quot;0&quot;,&quot;copyright&quot;:&quot;&quot;,&quot;focal_length&quot;:&quot;0&quot;,&quot;iso&quot;:&quot;0&quot;,&quot;shutter_speed&quot;:&quot;0&quot;,&quot;title&quot;:&quot;&quot;,&quot;orientation&quot;:&quot;0&quot;}\" data-image-title=\"WhatsApp Image 2021-03-30 at 19.10.30\" data-image-description=\"\" data-image-caption=\"\" data-large-file=\"https:\/\/eldiariodesanpedro.com.ar\/sitio\/wp-content\/uploads\/2021\/03\/WhatsApp-Image-2021-03-30-at-19.10.30-1024x484.jpeg\" data-src=\"https:\/\/eldiariodesanpedro.com.ar\/sitio\/wp-content\/uploads\/2021\/03\/WhatsApp-Image-2021-03-30-at-19.10.30-1024x484.jpeg\" alt=\"\" class=\"wp-image-90086 lazyload\" data-srcset=\"https:\/\/eldiariodesanpedro.com.ar\/sitio\/wp-content\/uploads\/2021\/03\/WhatsApp-Image-2021-03-30-at-19.10.30-1024x484.jpeg 1024w, https:\/\/eldiariodesanpedro.com.ar\/sitio\/wp-content\/uploads\/2021\/03\/WhatsApp-Image-2021-03-30-at-19.10.30-300x142.jpeg 300w, https:\/\/eldiariodesanpedro.com.ar\/sitio\/wp-content\/uploads\/2021\/03\/WhatsApp-Image-2021-03-30-at-19.10.30-768x363.jpeg 768w, https:\/\/eldiariodesanpedro.com.ar\/sitio\/wp-content\/uploads\/2021\/03\/WhatsApp-Image-2021-03-30-at-19.10.30.jpeg 1280w\" data-sizes=\"(max-width: 1024px) 100vw, 1024px\" src=\"data:image\/svg+xml;base64,PHN2ZyB3aWR0aD0iMSIgaGVpZ2h0PSIxIiB4bWxucz0iaHR0cDovL3d3dy53My5vcmcvMjAwMC9zdmciPjwvc3ZnPg==\" style=\"--smush-placeholder-width: 1024px; --smush-placeholder-aspect-ratio: 1024\/484;\" \/><\/figure>\n","protected":false},"excerpt":{"rendered":"<p>El Intendente Cecilio Salazar convoc\u00f3 para una reuni\u00f3n esta ma\u00f1ana en su despacho, a representantes de la mayor\u00eda de las fuerzas de seguridad que trabajan en la zona. La invitaci\u00f3n se gest\u00f3 ante diferentes inquietudes recibidas en las \u00faltimas semanas a trav\u00e9s de vecinos y de organizaciones de la comunidad. El encuentro fue propicio adem\u00e1s [&hellip;]<\/p>\n","protected":false},"author":4,"featured_media":90087,"comment_status":"open","ping_status":"closed","sticky":false,"template":"","format":"standard","meta":{"om_disable_all_campaigns":false,"_jetpack_memberships_contains_paid_content":false,"footnotes":""},"categories":[50,101,2],"tags":[],"class_list":["post-90085","post","type-post","status-publish","format-standard","has-post-thumbnail","hentry","category-destacadas","category-interes-general-locales","category-locales"],"aioseo_notices":[],"gutentor_comment":0,"jetpack_featured_media_url":"https:\/\/eldiariodesanpedro.com.ar\/sitio\/wp-content\/uploads\/2021\/03\/WhatsApp-Image-2021-03-30-at-19.10.31.jpeg","jetpack_shortlink":"https:\/\/wp.me\/p6RhLt-nqZ","jetpack_sharing_enabled":true,"_links":{"self":[{"href":"https:\/\/eldiariodesanpedro.com.ar\/sitio\/wp-json\/wp\/v2\/posts\/90085","targetHints":{"allow":["GET"]}}],"collection":[{"href":"https:\/\/eldiariodesanpedro.com.ar\/sitio\/wp-json\/wp\/v2\/posts"}],"about":[{"href":"https:\/\/eldiariodesanpedro.com.ar\/sitio\/wp-json\/wp\/v2\/types\/post"}],"author":[{"embeddable":true,"href":"https:\/\/eldiariodesanpedro.com.ar\/sitio\/wp-json\/wp\/v2\/users\/4"}],"replies":[{"embeddable":true,"href":"https:\/\/eldiariodesanpedro.com.ar\/sitio\/wp-json\/wp\/v2\/comments?post=90085"}],"version-history":[{"count":1,"href":"https:\/\/eldiariodesanpedro.com.ar\/sitio\/wp-json\/wp\/v2\/posts\/90085\/revisions"}],"predecessor-version":[{"id":90088,"href":"https:\/\/eldiariodesanpedro.com.ar\/sitio\/wp-json\/wp\/v2\/posts\/90085\/revisions\/90088"}],"wp:featuredmedia":[{"embeddable":true,"href":"https:\/\/eldiariodesanpedro.com.ar\/sitio\/wp-json\/wp\/v2\/media\/90087"}],"wp:attachment":[{"href":"https:\/\/eldiariodesanpedro.com.ar\/sitio\/wp-json\/wp\/v2\/media?parent=90085"}],"wp:term":[{"taxonomy":"category","embeddable":true,"href":"https:\/\/eldiariodesanpedro.com.ar\/sitio\/wp-json\/wp\/v2\/categories?post=90085"},{"taxonomy":"post_tag","embeddable":true,"href":"https:\/\/eldiariodesanpedro.com.ar\/sitio\/wp-json\/wp\/v2\/tags?post=90085"}],"curies":[{"name":"wp","href":"https:\/\/api.w.org\/{rel}","templated":true}]}}