{"id":90068,"date":"2021-03-30T12:23:23","date_gmt":"2021-03-30T15:23:23","guid":{"rendered":"https:\/\/eldiariodesanpedro.com.ar\/sitio\/?p=90068"},"modified":"2021-03-30T12:23:27","modified_gmt":"2021-03-30T15:23:27","slug":"campana-en-ano-electoral-vuelven-a-la-carga-con-la-rotonda-de-mc-donalds","status":"publish","type":"post","link":"https:\/\/eldiariodesanpedro.com.ar\/sitio\/campana-en-ano-electoral-vuelven-a-la-carga-con-la-rotonda-de-mc-donalds\/","title":{"rendered":"CAMPANA | En a\u00f1o electoral, vuelven a la carga con la rotonda de Mc Donald\u00b4s"},"content":{"rendered":"<!-- VideographyWP Plugin Message: Automatic video embedding prevented by plugin options. -->\n\n<p>El Intendente asegur\u00f3 que ya firm\u00f3 el contrato que posibilitar\u00e1 la llegada de los fondos para la obra, que ya se encuentra en proceso de licitaci\u00f3n.\u00a0Previo a las Legislativas de 2017, confirmaban el movimiento de las bajadas de la ruta, pero no ocurri\u00f3.\u00a0En 2019 hubo un anuncio similar.<\/p>\n\n\n\n<p>En un a\u00f1o electoral, la rotonda de Mc Donald\u00b4s vuelve a ocupar un lugar en la agenda pol\u00edtica local del Ejecutivo Municipal. Y este domingo, se anunci\u00f3 la inminente obra que pondr\u00e1 fin a la gran problem\u00e1tica del tr\u00e1nsito que sufre.<\/p>\n\n\n\n<p>Seg\u00fan se explica a trav\u00e9s de una gacetilla de prensa, a principios de este a\u00f1o, los equipos t\u00e9cnicos del Municipio comenzaron a trabajar con sus pares de Vialidad para encontrar la mejor soluci\u00f3n posible a este problema y, tras la presentaci\u00f3n del proyecto \u2013realizado con la colaboraci\u00f3n de Autopistas del Sol-, y su posterior aprobaci\u00f3n, el Intendente firm\u00f3 el convenio marco que posibilitar\u00e1 la llegada de los fondos.<\/p>\n\n\n\n<p>En esta oportunidad, el proyecto prev\u00e9 construir una nueva rotonda en la zona del barrio Lubo que agilizar\u00e1 el tr\u00e1nsito y no habr\u00e1 cruces en la avenida que lo traben. \u201cLa obra ya est\u00e1 en proceso de licitaci\u00f3n, por lo que se espera que pueda iniciarse en los pr\u00f3ximos meses\u201d, aseguraron.<\/p>\n\n\n\n<p>No obstante, est\u00e1 no es la primera vez que desde la gesti\u00f3n del Intendente Sebasti\u00e1n Abella realizan este anuncio. En el a\u00f1o 2019, comunic\u00f3 que\u00a0en el mes de febrero se iba a realizar la licitaci\u00f3n para la obra de la rotonda de McDonald&#8217;s,\u00a0que iba a comenzar dos meses despu\u00e9s. Pero no pas\u00f3.<\/p>\n\n\n\n<p>Aquel proyecto contemplaba la modificaci\u00f3n de bajadas y nuevos sentidos de circulaci\u00f3n, comenzar\u00eda en dos meses.<\/p>\n\n\n\n<p>En tanto que, en 2017, el jefe comunal ten\u00eda en carpeta otro plan que tampoco se lleg\u00f3 a concretar.\u00a0En una reuni\u00f3n que mantuvo con el gerente de Planeamiento y Gesti\u00f3n de la Infraestructura Vial del Ministerio de Transporte nacional, Eduardo Plasencia, confirmaba que Autopistas del Sol junto al Gobierno nacional, trasladar\u00edan unos 100 metros una de las bajadas de la Ruta 9 hacia la colectora, adem\u00e1s de modificarse la circulaci\u00f3n de algunos tramos y se cambiar\u00e1 el ingreso y salida a la comercios ubicados en \u201cLa Carmela\u201d. Jam\u00e1s ocurri\u00f3.<\/p>\n\n\n\n<p>Fuente: <a href=\"https:\/\/www.campananoticias.com\/noticia\/66643\/en-ao-electoral-vuelven-a-la-carga-con-la-rotonda-de-mc-donalds\">Campana Noticias<\/a><\/p>\n","protected":false},"excerpt":{"rendered":"<p>El Intendente asegur\u00f3 que ya firm\u00f3 el contrato que posibilitar\u00e1 la llegada de los fondos para la obra, que ya se encuentra en proceso de licitaci\u00f3n.\u00a0Previo a las Legislativas de 2017, confirmaban el movimiento de las bajadas de la ruta, pero no ocurri\u00f3.\u00a0En 2019 hubo un anuncio similar. En un a\u00f1o electoral, la rotonda de [&hellip;]<\/p>\n","protected":false},"author":4,"featured_media":90069,"comment_status":"open","ping_status":"closed","sticky":false,"template":"","format":"standard","meta":{"om_disable_all_campaigns":false,"_jetpack_memberships_contains_paid_content":false,"footnotes":""},"categories":[621],"tags":[],"class_list":["post-90068","post","type-post","status-publish","format-standard","has-post-thumbnail","hentry","category-regionales"],"aioseo_notices":[],"gutentor_comment":0,"jetpack_featured_media_url":"https:\/\/eldiariodesanpedro.com.ar\/sitio\/wp-content\/uploads\/2021\/03\/20210328082652.jpg","jetpack_shortlink":"https:\/\/wp.me\/p6RhLt-nqI","jetpack_sharing_enabled":true,"_links":{"self":[{"href":"https:\/\/eldiariodesanpedro.com.ar\/sitio\/wp-json\/wp\/v2\/posts\/90068","targetHints":{"allow":["GET"]}}],"collection":[{"href":"https:\/\/eldiariodesanpedro.com.ar\/sitio\/wp-json\/wp\/v2\/posts"}],"about":[{"href":"https:\/\/eldiariodesanpedro.com.ar\/sitio\/wp-json\/wp\/v2\/types\/post"}],"author":[{"embeddable":true,"href":"https:\/\/eldiariodesanpedro.com.ar\/sitio\/wp-json\/wp\/v2\/users\/4"}],"replies":[{"embeddable":true,"href":"https:\/\/eldiariodesanpedro.com.ar\/sitio\/wp-json\/wp\/v2\/comments?post=90068"}],"version-history":[{"count":1,"href":"https:\/\/eldiariodesanpedro.com.ar\/sitio\/wp-json\/wp\/v2\/posts\/90068\/revisions"}],"predecessor-version":[{"id":90070,"href":"https:\/\/eldiariodesanpedro.com.ar\/sitio\/wp-json\/wp\/v2\/posts\/90068\/revisions\/90070"}],"wp:featuredmedia":[{"embeddable":true,"href":"https:\/\/eldiariodesanpedro.com.ar\/sitio\/wp-json\/wp\/v2\/media\/90069"}],"wp:attachment":[{"href":"https:\/\/eldiariodesanpedro.com.ar\/sitio\/wp-json\/wp\/v2\/media?parent=90068"}],"wp:term":[{"taxonomy":"category","embeddable":true,"href":"https:\/\/eldiariodesanpedro.com.ar\/sitio\/wp-json\/wp\/v2\/categories?post=90068"},{"taxonomy":"post_tag","embeddable":true,"href":"https:\/\/eldiariodesanpedro.com.ar\/sitio\/wp-json\/wp\/v2\/tags?post=90068"}],"curies":[{"name":"wp","href":"https:\/\/api.w.org\/{rel}","templated":true}]}}