{"id":90061,"date":"2021-03-30T12:17:17","date_gmt":"2021-03-30T15:17:17","guid":{"rendered":"https:\/\/eldiariodesanpedro.com.ar\/sitio\/?p=90061"},"modified":"2021-03-30T12:17:22","modified_gmt":"2021-03-30T15:17:22","slug":"san-nicolas-camioneta-en-contramano-atropello-a-dos-mujeres-en-moto","status":"publish","type":"post","link":"https:\/\/eldiariodesanpedro.com.ar\/sitio\/san-nicolas-camioneta-en-contramano-atropello-a-dos-mujeres-en-moto\/","title":{"rendered":"SAN NICOL\u00c1S | Camioneta en contramano atropell\u00f3 a dos mujeres en moto"},"content":{"rendered":"<!-- VideographyWP Plugin Message: Automatic video embedding prevented by plugin options. -->\n\n<p>Por causas que se tratan de establecer, en la intersecci\u00f3n de calle Lamadrid y Mitre, colisionaron una camioneta Ford EcoSport, dominio KMH 278, conducida por un hombre de apellido Almir\u00f3n, de 47 a\u00f1os de edad, y una motocicleta Honda Wave 110cc, al mando de Elsa Daniela Arellano quien iba acompa\u00f1ada por Mar\u00eda Ofelia Ojeda.<\/p>\n\n\n\n<p>Ojeda sufri\u00f3 la fractura del peron\u00e9, sin poner en riesgo su vida, y fue trasladada al hospital local.<\/p>\n\n\n\n<p>Las im\u00e1genes de las c\u00e1maras de seguridad del municipio muestran con claridad la maniobra: La camioneta EcoSport circulaba por calle Lamadrid, y en vez de continuar por dicha arteria o girar hacia la derecha para tomar calle Mitre, hacia Av. Savio (las \u00fanicas dos maniobras permitidas), el conductor dobl\u00f3 hacia la izquierda por calle Mitre en contramano (hacia las v\u00edas) e impact\u00f3 de frente a la moto en que circulaban las v\u00edctimas del accidente.<\/p>\n\n\n\n<p>Fuente: <a href=\"http:\/\/www.diarioelinformante.com.ar\/nota-61125_camioneta-en-contramano-atropell-a-dos-mujeres-en-moto\">Diario El Informante<\/a><\/p>\n\n\n\n<iframe data-src=\"https:\/\/www.facebook.com\/plugins\/video.php?height=308&#038;href=https%3A%2F%2Fwww.facebook.com%2FElInformanteSN%2Fvideos%2F744103206475352%2F&#038;show_text=false&#038;width=560\" width=\"560\" height=\"308\" style=\"border:none;overflow:hidden\" scrolling=\"no\" frameborder=\"0\" allowfullscreen=\"true\" allow=\"autoplay; clipboard-write; encrypted-media; picture-in-picture; web-share\" allowFullScreen=\"true\" src=\"data:image\/svg+xml;base64,PHN2ZyB3aWR0aD0iMSIgaGVpZ2h0PSIxIiB4bWxucz0iaHR0cDovL3d3dy53My5vcmcvMjAwMC9zdmciPjwvc3ZnPg==\" class=\"lazyload\" data-load-mode=\"1\"><\/iframe>\n","protected":false},"excerpt":{"rendered":"<p>Por causas que se tratan de establecer, en la intersecci\u00f3n de calle Lamadrid y Mitre, colisionaron una camioneta Ford EcoSport, dominio KMH 278, conducida por un hombre de apellido Almir\u00f3n, de 47 a\u00f1os de edad, y una motocicleta Honda Wave 110cc, al mando de Elsa Daniela Arellano quien iba acompa\u00f1ada por Mar\u00eda Ofelia Ojeda. Ojeda [&hellip;]<\/p>\n","protected":false},"author":4,"featured_media":90062,"comment_status":"open","ping_status":"closed","sticky":false,"template":"","format":"standard","meta":{"om_disable_all_campaigns":false,"_jetpack_memberships_contains_paid_content":false,"footnotes":""},"categories":[621],"tags":[],"class_list":["post-90061","post","type-post","status-publish","format-standard","has-post-thumbnail","hentry","category-regionales"],"aioseo_notices":[],"gutentor_comment":0,"jetpack_featured_media_url":"https:\/\/eldiariodesanpedro.com.ar\/sitio\/wp-content\/uploads\/2021\/03\/no_lb59a9ij09qz1ngSin_t_tulo_1.jpg","jetpack_shortlink":"https:\/\/wp.me\/p6RhLt-nqB","jetpack_sharing_enabled":true,"_links":{"self":[{"href":"https:\/\/eldiariodesanpedro.com.ar\/sitio\/wp-json\/wp\/v2\/posts\/90061","targetHints":{"allow":["GET"]}}],"collection":[{"href":"https:\/\/eldiariodesanpedro.com.ar\/sitio\/wp-json\/wp\/v2\/posts"}],"about":[{"href":"https:\/\/eldiariodesanpedro.com.ar\/sitio\/wp-json\/wp\/v2\/types\/post"}],"author":[{"embeddable":true,"href":"https:\/\/eldiariodesanpedro.com.ar\/sitio\/wp-json\/wp\/v2\/users\/4"}],"replies":[{"embeddable":true,"href":"https:\/\/eldiariodesanpedro.com.ar\/sitio\/wp-json\/wp\/v2\/comments?post=90061"}],"version-history":[{"count":1,"href":"https:\/\/eldiariodesanpedro.com.ar\/sitio\/wp-json\/wp\/v2\/posts\/90061\/revisions"}],"predecessor-version":[{"id":90063,"href":"https:\/\/eldiariodesanpedro.com.ar\/sitio\/wp-json\/wp\/v2\/posts\/90061\/revisions\/90063"}],"wp:featuredmedia":[{"embeddable":true,"href":"https:\/\/eldiariodesanpedro.com.ar\/sitio\/wp-json\/wp\/v2\/media\/90062"}],"wp:attachment":[{"href":"https:\/\/eldiariodesanpedro.com.ar\/sitio\/wp-json\/wp\/v2\/media?parent=90061"}],"wp:term":[{"taxonomy":"category","embeddable":true,"href":"https:\/\/eldiariodesanpedro.com.ar\/sitio\/wp-json\/wp\/v2\/categories?post=90061"},{"taxonomy":"post_tag","embeddable":true,"href":"https:\/\/eldiariodesanpedro.com.ar\/sitio\/wp-json\/wp\/v2\/tags?post=90061"}],"curies":[{"name":"wp","href":"https:\/\/api.w.org\/{rel}","templated":true}]}}