{"id":90058,"date":"2021-03-30T12:13:53","date_gmt":"2021-03-30T15:13:53","guid":{"rendered":"https:\/\/eldiariodesanpedro.com.ar\/sitio\/?p=90058"},"modified":"2021-03-30T12:13:58","modified_gmt":"2021-03-30T15:13:58","slug":"baradero-se-robo-las-camaras-de-seguridad-y-quedo-registrado","status":"publish","type":"post","link":"https:\/\/eldiariodesanpedro.com.ar\/sitio\/baradero-se-robo-las-camaras-de-seguridad-y-quedo-registrado\/","title":{"rendered":"BARADERO | Se rob\u00f3 las c\u00e1maras de seguridad \u00a1y qued\u00f3 registrado!"},"content":{"rendered":"<!-- VideographyWP Plugin Message: Automatic video embedding prevented by plugin options. -->\n\n<p>El hecho sucedi\u00f3 a la ma\u00f1ana del Domingo cuando los due\u00f1os de la panader\u00eda se dirigieron a abrir el local. Las camaras se ve\u00edan en negro y se dieron cuenta del faltante.<\/p>\n\n\n\n<p>\u201cLas han arrancado m\u00e1s o menos 3.25 de la madrugada del Domingo porque qued\u00f3 grabado. Se ve a la persona con barbijo, capucha y gorra. Se tomo todo el tiempo porque hizo todo un trayecto desde O\u2019Roarque y Marmol.\u201d dijo Yesica Benedetti, due\u00f1a del lugar.<\/p>\n\n\n\n<p>\u201cUno hace las cosas para tener seguridad y estar tranquilo y terminan pasando estas cosas.<br>Ahora vamos a tener que tener mucho m\u00e1s cuidado\u201d<\/p>\n\n\n\n<p>Fuente: Tu Linea Directa<\/p>\n\n\n\n<h1 class=\"wp-block-heading\"><a href=\"https:\/\/tulineadirecta.com\/author\/danilo\/\"><\/a><\/h1>\n","protected":false},"excerpt":{"rendered":"<p>El hecho sucedi\u00f3 a la ma\u00f1ana del Domingo cuando los due\u00f1os de la panader\u00eda se dirigieron a abrir el local. Las camaras se ve\u00edan en negro y se dieron cuenta del faltante. \u201cLas han arrancado m\u00e1s o menos 3.25 de la madrugada del Domingo porque qued\u00f3 grabado. Se ve a la persona con barbijo, capucha [&hellip;]<\/p>\n","protected":false},"author":4,"featured_media":90059,"comment_status":"open","ping_status":"closed","sticky":false,"template":"","format":"standard","meta":{"om_disable_all_campaigns":false,"_jetpack_memberships_contains_paid_content":false,"footnotes":""},"categories":[621],"tags":[],"class_list":["post-90058","post","type-post","status-publish","format-standard","has-post-thumbnail","hentry","category-regionales"],"aioseo_notices":[],"gutentor_comment":0,"jetpack_featured_media_url":"https:\/\/eldiariodesanpedro.com.ar\/sitio\/wp-content\/uploads\/2021\/03\/WhatsApp-Image-2021-03-29-at-09.17.49.jpeg","jetpack_shortlink":"https:\/\/wp.me\/p6RhLt-nqy","jetpack_sharing_enabled":true,"_links":{"self":[{"href":"https:\/\/eldiariodesanpedro.com.ar\/sitio\/wp-json\/wp\/v2\/posts\/90058","targetHints":{"allow":["GET"]}}],"collection":[{"href":"https:\/\/eldiariodesanpedro.com.ar\/sitio\/wp-json\/wp\/v2\/posts"}],"about":[{"href":"https:\/\/eldiariodesanpedro.com.ar\/sitio\/wp-json\/wp\/v2\/types\/post"}],"author":[{"embeddable":true,"href":"https:\/\/eldiariodesanpedro.com.ar\/sitio\/wp-json\/wp\/v2\/users\/4"}],"replies":[{"embeddable":true,"href":"https:\/\/eldiariodesanpedro.com.ar\/sitio\/wp-json\/wp\/v2\/comments?post=90058"}],"version-history":[{"count":1,"href":"https:\/\/eldiariodesanpedro.com.ar\/sitio\/wp-json\/wp\/v2\/posts\/90058\/revisions"}],"predecessor-version":[{"id":90060,"href":"https:\/\/eldiariodesanpedro.com.ar\/sitio\/wp-json\/wp\/v2\/posts\/90058\/revisions\/90060"}],"wp:featuredmedia":[{"embeddable":true,"href":"https:\/\/eldiariodesanpedro.com.ar\/sitio\/wp-json\/wp\/v2\/media\/90059"}],"wp:attachment":[{"href":"https:\/\/eldiariodesanpedro.com.ar\/sitio\/wp-json\/wp\/v2\/media?parent=90058"}],"wp:term":[{"taxonomy":"category","embeddable":true,"href":"https:\/\/eldiariodesanpedro.com.ar\/sitio\/wp-json\/wp\/v2\/categories?post=90058"},{"taxonomy":"post_tag","embeddable":true,"href":"https:\/\/eldiariodesanpedro.com.ar\/sitio\/wp-json\/wp\/v2\/tags?post=90058"}],"curies":[{"name":"wp","href":"https:\/\/api.w.org\/{rel}","templated":true}]}}