{"id":90055,"date":"2021-03-30T12:11:11","date_gmt":"2021-03-30T15:11:11","guid":{"rendered":"https:\/\/eldiariodesanpedro.com.ar\/sitio\/?p=90055"},"modified":"2021-03-30T12:11:15","modified_gmt":"2021-03-30T15:11:15","slug":"baradero-tini-stoessel-se-encuentra-grabando-un-videoclip-en-la-ruta-41","status":"publish","type":"post","link":"https:\/\/eldiariodesanpedro.com.ar\/sitio\/baradero-tini-stoessel-se-encuentra-grabando-un-videoclip-en-la-ruta-41\/","title":{"rendered":"BARADERO | Tini Stoessel se encuentra grabando un videoclip en la ruta 41"},"content":{"rendered":"<!-- VideographyWP Plugin Message: Automatic video embedding prevented by plugin options. -->\n\n<p>Lo confirm\u00f3 el Subcomisario Diego Ojeda, Jefe de la Patrulla Rural. Por tal motivo, en el kil\u00f3metro 300 de la ruta 41 se mont\u00f3 un operativo policial con directivas del Ministerio de Seguridad.<\/p>\n\n\n\n<p>\u201cDesde la producci\u00f3n me dijeron que estiman estar trabajando hasta las 14 horas\u201d agreg\u00f3 Diego Ojeda.<\/p>\n\n\n\n<p>Fuente: Info- Tu linea Directa Foto-Fm Tiempo<\/p>\n","protected":false},"excerpt":{"rendered":"<p>Lo confirm\u00f3 el Subcomisario Diego Ojeda, Jefe de la Patrulla Rural. Por tal motivo, en el kil\u00f3metro 300 de la ruta 41 se mont\u00f3 un operativo policial con directivas del Ministerio de Seguridad. \u201cDesde la producci\u00f3n me dijeron que estiman estar trabajando hasta las 14 horas\u201d agreg\u00f3 Diego Ojeda. Fuente: Info- Tu linea Directa Foto-Fm [&hellip;]<\/p>\n","protected":false},"author":4,"featured_media":90056,"comment_status":"open","ping_status":"closed","sticky":false,"template":"","format":"standard","meta":{"om_disable_all_campaigns":false,"_jetpack_memberships_contains_paid_content":false,"footnotes":""},"categories":[621],"tags":[],"class_list":["post-90055","post","type-post","status-publish","format-standard","has-post-thumbnail","hentry","category-regionales"],"aioseo_notices":[],"gutentor_comment":0,"jetpack_featured_media_url":"https:\/\/eldiariodesanpedro.com.ar\/sitio\/wp-content\/uploads\/2021\/03\/166988200_1667724180082245_3135624094724155605_n.jpg","jetpack_shortlink":"https:\/\/wp.me\/p6RhLt-nqv","jetpack_sharing_enabled":true,"_links":{"self":[{"href":"https:\/\/eldiariodesanpedro.com.ar\/sitio\/wp-json\/wp\/v2\/posts\/90055","targetHints":{"allow":["GET"]}}],"collection":[{"href":"https:\/\/eldiariodesanpedro.com.ar\/sitio\/wp-json\/wp\/v2\/posts"}],"about":[{"href":"https:\/\/eldiariodesanpedro.com.ar\/sitio\/wp-json\/wp\/v2\/types\/post"}],"author":[{"embeddable":true,"href":"https:\/\/eldiariodesanpedro.com.ar\/sitio\/wp-json\/wp\/v2\/users\/4"}],"replies":[{"embeddable":true,"href":"https:\/\/eldiariodesanpedro.com.ar\/sitio\/wp-json\/wp\/v2\/comments?post=90055"}],"version-history":[{"count":1,"href":"https:\/\/eldiariodesanpedro.com.ar\/sitio\/wp-json\/wp\/v2\/posts\/90055\/revisions"}],"predecessor-version":[{"id":90057,"href":"https:\/\/eldiariodesanpedro.com.ar\/sitio\/wp-json\/wp\/v2\/posts\/90055\/revisions\/90057"}],"wp:featuredmedia":[{"embeddable":true,"href":"https:\/\/eldiariodesanpedro.com.ar\/sitio\/wp-json\/wp\/v2\/media\/90056"}],"wp:attachment":[{"href":"https:\/\/eldiariodesanpedro.com.ar\/sitio\/wp-json\/wp\/v2\/media?parent=90055"}],"wp:term":[{"taxonomy":"category","embeddable":true,"href":"https:\/\/eldiariodesanpedro.com.ar\/sitio\/wp-json\/wp\/v2\/categories?post=90055"},{"taxonomy":"post_tag","embeddable":true,"href":"https:\/\/eldiariodesanpedro.com.ar\/sitio\/wp-json\/wp\/v2\/tags?post=90055"}],"curies":[{"name":"wp","href":"https:\/\/api.w.org\/{rel}","templated":true}]}}