{"id":90052,"date":"2021-03-30T12:07:24","date_gmt":"2021-03-30T15:07:24","guid":{"rendered":"https:\/\/eldiariodesanpedro.com.ar\/sitio\/?p=90052"},"modified":"2021-03-30T12:07:30","modified_gmt":"2021-03-30T15:07:30","slug":"salto-el-peor-final-julio-romero-aparecio-muerto","status":"publish","type":"post","link":"https:\/\/eldiariodesanpedro.com.ar\/sitio\/salto-el-peor-final-julio-romero-aparecio-muerto\/","title":{"rendered":"SALTO | El peor final: Julio Romero apareci\u00f3 muerto"},"content":{"rendered":"<!-- VideographyWP Plugin Message: Automatic video embedding prevented by plugin options. -->\n\n<p>El cuerpo sin vida de Julio \u00abCacho\u00bb Romero (69), fue hallado el fin de semana tras estar desaparecido desde el lunes 22 de marzo. Estaba colgado de un \u00e1rbol en un monte lindante al cementerio Campo de Paz.<\/p>\n\n\n\n<p>El comisario Marcelo Acevedo, titular de la Polic\u00eda Comunal de Salto confirm\u00f3 que el cad\u00e1ver hallado es el de Julio Romero, el hombre que era buscado desde el lunes 22 de marzo por la tarde.&nbsp;<\/p>\n\n\n\n<p>Cerca de las 13, unas personas alertaron a la polic\u00eda sobre la presencia de un cuerpo en un sector de arbolada profunda lindante al cementerio privado Campo de Paz, a la vera de la ruta provincial N\u00b0 32. La persona estaba ahorcada en un \u00e1rbol, por lo que estiman que se habr\u00eda suicidado.<\/p>\n\n\n\n<p>El cuerpo fue identificado por Mar\u00eda Julia Romero, hija del hombre que hasta hoy era intensamente buscado por las fuerzas de seguridad luego de que el pasado martes &#8211; un d\u00eda despu\u00e9s de su desaparici\u00f3n -, la misma Mar\u00eda Julia radicara una denuncia por averiguaci\u00f3n de paradero en la Comisar\u00eda local.&nbsp;<\/p>\n\n\n\n<p>Si bien la investigaci\u00f3n contin\u00faa, todo indica que Romero\u00a0se quit\u00f3 la vida.<\/p>\n\n\n\n<p>Fuente: <a href=\"https:\/\/saltohoy.adiarios.com\/nota\/469835-el-peor-final-julio-romero-aparecio-muerto--2\">Salto Hoy<\/a><\/p>\n","protected":false},"excerpt":{"rendered":"<p>El cuerpo sin vida de Julio \u00abCacho\u00bb Romero (69), fue hallado el fin de semana tras estar desaparecido desde el lunes 22 de marzo. Estaba colgado de un \u00e1rbol en un monte lindante al cementerio Campo de Paz. El comisario Marcelo Acevedo, titular de la Polic\u00eda Comunal de Salto confirm\u00f3 que el cad\u00e1ver hallado es [&hellip;]<\/p>\n","protected":false},"author":4,"featured_media":90053,"comment_status":"open","ping_status":"closed","sticky":false,"template":"","format":"standard","meta":{"om_disable_all_campaigns":false,"_jetpack_memberships_contains_paid_content":false,"footnotes":""},"categories":[621],"tags":[],"class_list":["post-90052","post","type-post","status-publish","format-standard","has-post-thumbnail","hentry","category-regionales"],"aioseo_notices":[],"gutentor_comment":0,"jetpack_featured_media_url":"https:\/\/eldiariodesanpedro.com.ar\/sitio\/wp-content\/uploads\/2021\/03\/file_68990_main1.jpg","jetpack_shortlink":"https:\/\/wp.me\/p6RhLt-nqs","jetpack_sharing_enabled":true,"_links":{"self":[{"href":"https:\/\/eldiariodesanpedro.com.ar\/sitio\/wp-json\/wp\/v2\/posts\/90052","targetHints":{"allow":["GET"]}}],"collection":[{"href":"https:\/\/eldiariodesanpedro.com.ar\/sitio\/wp-json\/wp\/v2\/posts"}],"about":[{"href":"https:\/\/eldiariodesanpedro.com.ar\/sitio\/wp-json\/wp\/v2\/types\/post"}],"author":[{"embeddable":true,"href":"https:\/\/eldiariodesanpedro.com.ar\/sitio\/wp-json\/wp\/v2\/users\/4"}],"replies":[{"embeddable":true,"href":"https:\/\/eldiariodesanpedro.com.ar\/sitio\/wp-json\/wp\/v2\/comments?post=90052"}],"version-history":[{"count":1,"href":"https:\/\/eldiariodesanpedro.com.ar\/sitio\/wp-json\/wp\/v2\/posts\/90052\/revisions"}],"predecessor-version":[{"id":90054,"href":"https:\/\/eldiariodesanpedro.com.ar\/sitio\/wp-json\/wp\/v2\/posts\/90052\/revisions\/90054"}],"wp:featuredmedia":[{"embeddable":true,"href":"https:\/\/eldiariodesanpedro.com.ar\/sitio\/wp-json\/wp\/v2\/media\/90053"}],"wp:attachment":[{"href":"https:\/\/eldiariodesanpedro.com.ar\/sitio\/wp-json\/wp\/v2\/media?parent=90052"}],"wp:term":[{"taxonomy":"category","embeddable":true,"href":"https:\/\/eldiariodesanpedro.com.ar\/sitio\/wp-json\/wp\/v2\/categories?post=90052"},{"taxonomy":"post_tag","embeddable":true,"href":"https:\/\/eldiariodesanpedro.com.ar\/sitio\/wp-json\/wp\/v2\/tags?post=90052"}],"curies":[{"name":"wp","href":"https:\/\/api.w.org\/{rel}","templated":true}]}}