{"id":90049,"date":"2021-03-30T11:55:12","date_gmt":"2021-03-30T14:55:12","guid":{"rendered":"https:\/\/eldiariodesanpedro.com.ar\/sitio\/?p=90049"},"modified":"2021-03-30T11:55:17","modified_gmt":"2021-03-30T14:55:17","slug":"arrecifes-denuncias-por-entrega-de-mercaderias-en-mal-estado","status":"publish","type":"post","link":"https:\/\/eldiariodesanpedro.com.ar\/sitio\/arrecifes-denuncias-por-entrega-de-mercaderias-en-mal-estado\/","title":{"rendered":"ARRECIFES | Denuncias por entrega de mercader\u00edas en mal estado"},"content":{"rendered":"<!-- VideographyWP Plugin Message: Automatic video embedding prevented by plugin options. -->\n\n<p>Vecinos de Arrecifes beneficiarios de la entrega de mercader\u00edas que mensualmente realiza la Municipalidad, denunciaron a trav\u00e9s de las redes sociales el mal estado en que las recibieron.<\/p>\n\n\n\n<p>Los bolsones con alimentos literalmente vencidos o podridos fueron entregados en Acci\u00f3n Social, en una grav\u00edsima acci\u00f3n de sus responsables.<\/p>\n\n\n\n<p>\u201cFuimos a reclamar y nos dicen que hace una semana que est\u00e1 embolsada la mercader\u00eda\u201d, como ins\u00f3lito justificativo, se\u00f1ala una vecina.<\/p>\n\n\n\n<p>\u201cEl pur\u00e9 de tomates con hongos o algo verde. Y el arroz y la harina tambi\u00e9n verdes\u201d, reclama otra beneficiaria.<\/p>\n\n\n\n<p>\u00bfAlguien se har\u00e1 responsable de semejante barbaridad? Es el Estado municipal entregando estos alimentos para que la gente los consuma.<\/p>\n\n\n\n<p>Fuente: <a href=\"https:\/\/arrecifesnoticias.com\/sociedad\/denuncias-por-entrega-de-mercaderias-en-mal-estado\/\">Arrecifes noticias<\/a><\/p>\n","protected":false},"excerpt":{"rendered":"<p>Vecinos de Arrecifes beneficiarios de la entrega de mercader\u00edas que mensualmente realiza la Municipalidad, denunciaron a trav\u00e9s de las redes sociales el mal estado en que las recibieron. Los bolsones con alimentos literalmente vencidos o podridos fueron entregados en Acci\u00f3n Social, en una grav\u00edsima acci\u00f3n de sus responsables. \u201cFuimos a reclamar y nos dicen que [&hellip;]<\/p>\n","protected":false},"author":4,"featured_media":90050,"comment_status":"open","ping_status":"closed","sticky":false,"template":"","format":"standard","meta":{"om_disable_all_campaigns":false,"_jetpack_memberships_contains_paid_content":false,"footnotes":""},"categories":[621],"tags":[],"class_list":["post-90049","post","type-post","status-publish","format-standard","has-post-thumbnail","hentry","category-regionales"],"aioseo_notices":[],"gutentor_comment":0,"jetpack_featured_media_url":"https:\/\/eldiariodesanpedro.com.ar\/sitio\/wp-content\/uploads\/2021\/03\/Mercaderia-mal-estado.jpg","jetpack_shortlink":"https:\/\/wp.me\/p6RhLt-nqp","jetpack_sharing_enabled":true,"_links":{"self":[{"href":"https:\/\/eldiariodesanpedro.com.ar\/sitio\/wp-json\/wp\/v2\/posts\/90049","targetHints":{"allow":["GET"]}}],"collection":[{"href":"https:\/\/eldiariodesanpedro.com.ar\/sitio\/wp-json\/wp\/v2\/posts"}],"about":[{"href":"https:\/\/eldiariodesanpedro.com.ar\/sitio\/wp-json\/wp\/v2\/types\/post"}],"author":[{"embeddable":true,"href":"https:\/\/eldiariodesanpedro.com.ar\/sitio\/wp-json\/wp\/v2\/users\/4"}],"replies":[{"embeddable":true,"href":"https:\/\/eldiariodesanpedro.com.ar\/sitio\/wp-json\/wp\/v2\/comments?post=90049"}],"version-history":[{"count":1,"href":"https:\/\/eldiariodesanpedro.com.ar\/sitio\/wp-json\/wp\/v2\/posts\/90049\/revisions"}],"predecessor-version":[{"id":90051,"href":"https:\/\/eldiariodesanpedro.com.ar\/sitio\/wp-json\/wp\/v2\/posts\/90049\/revisions\/90051"}],"wp:featuredmedia":[{"embeddable":true,"href":"https:\/\/eldiariodesanpedro.com.ar\/sitio\/wp-json\/wp\/v2\/media\/90050"}],"wp:attachment":[{"href":"https:\/\/eldiariodesanpedro.com.ar\/sitio\/wp-json\/wp\/v2\/media?parent=90049"}],"wp:term":[{"taxonomy":"category","embeddable":true,"href":"https:\/\/eldiariodesanpedro.com.ar\/sitio\/wp-json\/wp\/v2\/categories?post=90049"},{"taxonomy":"post_tag","embeddable":true,"href":"https:\/\/eldiariodesanpedro.com.ar\/sitio\/wp-json\/wp\/v2\/tags?post=90049"}],"curies":[{"name":"wp","href":"https:\/\/api.w.org\/{rel}","templated":true}]}}