{"id":90046,"date":"2021-03-30T11:49:52","date_gmt":"2021-03-30T14:49:52","guid":{"rendered":"https:\/\/eldiariodesanpedro.com.ar\/sitio\/?p=90046"},"modified":"2021-03-30T11:49:55","modified_gmt":"2021-03-30T14:49:55","slug":"baradero-los-trabajadores-de-la-planta-de-ex-paty-se-encuentran-de-paro-por-tiempo-indeterminado","status":"publish","type":"post","link":"https:\/\/eldiariodesanpedro.com.ar\/sitio\/baradero-los-trabajadores-de-la-planta-de-ex-paty-se-encuentran-de-paro-por-tiempo-indeterminado\/","title":{"rendered":"BARADERO | Los Trabajadores de la planta de Ex-Paty se encuentran de paro por tiempo indeterminado"},"content":{"rendered":"<!-- VideographyWP Plugin Message: Automatic video embedding prevented by plugin options. -->\n\n<p>Jose Lopez, Secretario general del gremio de la carne, nos informa sobre lo sucedido en la asamblea que finaliz\u00f3 hace minutos con el Ministerio de Trabajo de La Plata y lo que le transmiti\u00f3 a sus compa\u00f1eros.<\/p>\n\n\n\n<p>\u00abNo pudimos resolver nada, la empresa redoblo la apuesta, despidi\u00f3 a 5 empleados y suspendieron a 10\u00bb.<\/p>\n\n\n\n<p>\u00abHubo un boicot con las m\u00e1quinas, nos dijeron que sigue una investigaci\u00f3n sobre el caso\u00bb.<\/p>\n\n\n\n<p>\u00abSupuestamente se encontr\u00f3 una pieza de metal en una m\u00e1quina, cuando en ese momento est\u00e1bamos todos en asamblea, cuando volvimos no funcionaba, es muy raro\u00bb.<\/p>\n\n\n\n<p>\u00abVamos a hacer paro por tiempo indeterminado en la puerta de la empresa\u00bb.<\/p>\n\n\n\n<p>\u00abEsperemos que se resuelva de la mejor manera y podamos llegar a un acuerdo\u00bb.<\/p>\n\n\n\n<p>Fuente: <a href=\"http:\/\/tiemponoticias.com.ar\/noba\/\">Fm Tiempo <\/a><\/p>\n","protected":false},"excerpt":{"rendered":"<p>Jose Lopez, Secretario general del gremio de la carne, nos informa sobre lo sucedido en la asamblea que finaliz\u00f3 hace minutos con el Ministerio de Trabajo de La Plata y lo que le transmiti\u00f3 a sus compa\u00f1eros. \u00abNo pudimos resolver nada, la empresa redoblo la apuesta, despidi\u00f3 a 5 empleados y suspendieron a 10\u00bb. \u00abHubo [&hellip;]<\/p>\n","protected":false},"author":4,"featured_media":90047,"comment_status":"open","ping_status":"closed","sticky":false,"template":"","format":"standard","meta":{"om_disable_all_campaigns":false,"_jetpack_memberships_contains_paid_content":false,"footnotes":""},"categories":[621],"tags":[],"class_list":["post-90046","post","type-post","status-publish","format-standard","has-post-thumbnail","hentry","category-regionales"],"aioseo_notices":[],"gutentor_comment":0,"jetpack_featured_media_url":"https:\/\/eldiariodesanpedro.com.ar\/sitio\/wp-content\/uploads\/2021\/03\/166264890_1667136053474391_1709325569922044248_n.jpg","jetpack_shortlink":"https:\/\/wp.me\/p6RhLt-nqm","jetpack_sharing_enabled":true,"_links":{"self":[{"href":"https:\/\/eldiariodesanpedro.com.ar\/sitio\/wp-json\/wp\/v2\/posts\/90046","targetHints":{"allow":["GET"]}}],"collection":[{"href":"https:\/\/eldiariodesanpedro.com.ar\/sitio\/wp-json\/wp\/v2\/posts"}],"about":[{"href":"https:\/\/eldiariodesanpedro.com.ar\/sitio\/wp-json\/wp\/v2\/types\/post"}],"author":[{"embeddable":true,"href":"https:\/\/eldiariodesanpedro.com.ar\/sitio\/wp-json\/wp\/v2\/users\/4"}],"replies":[{"embeddable":true,"href":"https:\/\/eldiariodesanpedro.com.ar\/sitio\/wp-json\/wp\/v2\/comments?post=90046"}],"version-history":[{"count":1,"href":"https:\/\/eldiariodesanpedro.com.ar\/sitio\/wp-json\/wp\/v2\/posts\/90046\/revisions"}],"predecessor-version":[{"id":90048,"href":"https:\/\/eldiariodesanpedro.com.ar\/sitio\/wp-json\/wp\/v2\/posts\/90046\/revisions\/90048"}],"wp:featuredmedia":[{"embeddable":true,"href":"https:\/\/eldiariodesanpedro.com.ar\/sitio\/wp-json\/wp\/v2\/media\/90047"}],"wp:attachment":[{"href":"https:\/\/eldiariodesanpedro.com.ar\/sitio\/wp-json\/wp\/v2\/media?parent=90046"}],"wp:term":[{"taxonomy":"category","embeddable":true,"href":"https:\/\/eldiariodesanpedro.com.ar\/sitio\/wp-json\/wp\/v2\/categories?post=90046"},{"taxonomy":"post_tag","embeddable":true,"href":"https:\/\/eldiariodesanpedro.com.ar\/sitio\/wp-json\/wp\/v2\/tags?post=90046"}],"curies":[{"name":"wp","href":"https:\/\/api.w.org\/{rel}","templated":true}]}}