{"id":90043,"date":"2021-03-30T11:46:21","date_gmt":"2021-03-30T14:46:21","guid":{"rendered":"https:\/\/eldiariodesanpedro.com.ar\/sitio\/?p=90043"},"modified":"2021-03-30T11:46:26","modified_gmt":"2021-03-30T14:46:26","slug":"continua-el-paro-por-tiempo-indeterminado-en-celupaper","status":"publish","type":"post","link":"https:\/\/eldiariodesanpedro.com.ar\/sitio\/continua-el-paro-por-tiempo-indeterminado-en-celupaper\/","title":{"rendered":"Continua el paro por tiempo indeterminado en Celupaper"},"content":{"rendered":"<!-- VideographyWP Plugin Message: Automatic video embedding prevented by plugin options. -->\n\n<p>Desde ayer en la primeras horas de la ma\u00f1ana se lleva a cabo un paro de actividades en la f\u00e1brica Celupaper por parte de los trabajadores reclamando a los directivos de la empresa por el descuento del presentismo y por incumplir con el acuerdo paritario.<\/p>\n\n\n\n<p>Los reclamos comenzaron este lunes alrededor de las 06 am cuando se realizaba el cambio de turnos, los empleados decidieron convocar a un paro total de actividades por lo que la empresa no pudo continuar con su normal funcionamiento.<\/p>\n\n\n\n<p>Hasta el dia de hoy no hubo respuestas por parte de la empresa por lo que el gremio que es encabezado por Eduardo Oilher, Secretario del Sindicato del Papel, seguir\u00e1 con la medida de fuerza por tiempo indeterminado.<\/p>\n\n\n\n<p>Recordemos que los trabajadores solicitan que se les abone el descuento que se le realiz\u00f3 a un grupo de empleados en el presentismo y que adem\u00e1s se comience a respetar los acuerdos realizados en las paritarias, estas medidas tambi\u00e9n se llevan a cabo en otras de las plantas pertenecientes a la empresa ubicada en la ciudada de B\u00e9ccar donde sucedi\u00f3 exactamente lo mismo.<\/p>\n\n\n\n<p>Los empleados en huelga se encuentran esperando que al no haber respuesta de los propietarios de las fabrica el Ministerio de Trabajo tome intervenci\u00f3n para poder destrabar el conflicto.<\/p>\n","protected":false},"excerpt":{"rendered":"<p>Desde ayer en la primeras horas de la ma\u00f1ana se lleva a cabo un paro de actividades en la f\u00e1brica Celupaper por parte de los trabajadores reclamando a los directivos de la empresa por el descuento del presentismo y por incumplir con el acuerdo paritario. Los reclamos comenzaron este lunes alrededor de las 06 am [&hellip;]<\/p>\n","protected":false},"author":4,"featured_media":90044,"comment_status":"open","ping_status":"closed","sticky":false,"template":"","format":"standard","meta":{"om_disable_all_campaigns":false,"_jetpack_memberships_contains_paid_content":false,"footnotes":""},"categories":[50,101,2],"tags":[],"class_list":["post-90043","post","type-post","status-publish","format-standard","has-post-thumbnail","hentry","category-destacadas","category-interes-general-locales","category-locales"],"aioseo_notices":[],"gutentor_comment":0,"jetpack_featured_media_url":"https:\/\/eldiariodesanpedro.com.ar\/sitio\/wp-content\/uploads\/2021\/03\/celupaper_paro_2.jpg","jetpack_shortlink":"https:\/\/wp.me\/p6RhLt-nqj","jetpack_sharing_enabled":true,"_links":{"self":[{"href":"https:\/\/eldiariodesanpedro.com.ar\/sitio\/wp-json\/wp\/v2\/posts\/90043","targetHints":{"allow":["GET"]}}],"collection":[{"href":"https:\/\/eldiariodesanpedro.com.ar\/sitio\/wp-json\/wp\/v2\/posts"}],"about":[{"href":"https:\/\/eldiariodesanpedro.com.ar\/sitio\/wp-json\/wp\/v2\/types\/post"}],"author":[{"embeddable":true,"href":"https:\/\/eldiariodesanpedro.com.ar\/sitio\/wp-json\/wp\/v2\/users\/4"}],"replies":[{"embeddable":true,"href":"https:\/\/eldiariodesanpedro.com.ar\/sitio\/wp-json\/wp\/v2\/comments?post=90043"}],"version-history":[{"count":1,"href":"https:\/\/eldiariodesanpedro.com.ar\/sitio\/wp-json\/wp\/v2\/posts\/90043\/revisions"}],"predecessor-version":[{"id":90045,"href":"https:\/\/eldiariodesanpedro.com.ar\/sitio\/wp-json\/wp\/v2\/posts\/90043\/revisions\/90045"}],"wp:featuredmedia":[{"embeddable":true,"href":"https:\/\/eldiariodesanpedro.com.ar\/sitio\/wp-json\/wp\/v2\/media\/90044"}],"wp:attachment":[{"href":"https:\/\/eldiariodesanpedro.com.ar\/sitio\/wp-json\/wp\/v2\/media?parent=90043"}],"wp:term":[{"taxonomy":"category","embeddable":true,"href":"https:\/\/eldiariodesanpedro.com.ar\/sitio\/wp-json\/wp\/v2\/categories?post=90043"},{"taxonomy":"post_tag","embeddable":true,"href":"https:\/\/eldiariodesanpedro.com.ar\/sitio\/wp-json\/wp\/v2\/tags?post=90043"}],"curies":[{"name":"wp","href":"https:\/\/api.w.org\/{rel}","templated":true}]}}