{"id":90034,"date":"2021-03-30T11:05:04","date_gmt":"2021-03-30T14:05:04","guid":{"rendered":"https:\/\/eldiariodesanpedro.com.ar\/sitio\/?p=90034"},"modified":"2021-03-30T11:05:08","modified_gmt":"2021-03-30T14:05:08","slug":"el-horario-de-los-colectivos-a-las-localidades-volvieron-a-la-normalidad","status":"publish","type":"post","link":"https:\/\/eldiariodesanpedro.com.ar\/sitio\/el-horario-de-los-colectivos-a-las-localidades-volvieron-a-la-normalidad\/","title":{"rendered":"El horario de los colectivos a las localidades volvieron a la normalidad"},"content":{"rendered":"<!-- VideographyWP Plugin Message: Automatic video embedding prevented by plugin options. -->\n\n<p>Vercelli Hermanos restituy\u00f3 los horarios de los servicios de colectivos a las localidades del partido, luego de que el presidente de la comisi\u00f3n de servicios p\u00fablicos del Concejo Deliberante, Gerardo Pelletier, se comunicara telef\u00f3nicamente con los integrantes del directorio de la empresa.&nbsp;<\/p>\n\n\n\n<p>\u00abLa empresa hab\u00eda tomado la determinaci\u00f3n de prestar un servicio m\u00ednimo, pero tuvimos una comunicaci\u00f3n y quedamos en tener hoy una reuni\u00f3n en el Ejecutivo para pedir las explicaciones, porque no se puede cortar bajo ning\u00fan punto de vista las frecuencias a las localidades\u00bb explic\u00f3 el concejal.<\/p>\n\n\n\n<p>En el encuentro, que se desarrollar\u00e1 poco antes del mediod\u00eda, estar\u00e1n presentes concejales del Frente de Todos.&nbsp;<\/p>\n\n\n\n<p>\u00abEs importante que la oposici\u00f3n, que hoy es gobierno en la provincia, vea el problema que existe que es la baja de subsidios para las empresas de transporte p\u00fablico del interior y no del AMBA. En las distinas localidades en donde est\u00e1 la empresa, los aumentos fueron otorgados. Antes ten\u00edan un subsidio que llegaba al 60% del costo y hoy no llega al 40 y tambi\u00e9n aument\u00f3 la f\u00f3rmula polin\u00f3mica del costo del transporte.&nbsp;<\/p>\n\n\n\n<p>No olvidemos que las tarifas tarifas que tienen en vigencia son las del 2019, con los costos del 2018&#8243; expres\u00f3 Pelletier.&nbsp;<ins><\/ins><\/p>\n","protected":false},"excerpt":{"rendered":"<p>Vercelli Hermanos restituy\u00f3 los horarios de los servicios de colectivos a las localidades del partido, luego de que el presidente de la comisi\u00f3n de servicios p\u00fablicos del Concejo Deliberante, Gerardo Pelletier, se comunicara telef\u00f3nicamente con los integrantes del directorio de la empresa.&nbsp; \u00abLa empresa hab\u00eda tomado la determinaci\u00f3n de prestar un servicio m\u00ednimo, pero tuvimos [&hellip;]<\/p>\n","protected":false},"author":4,"featured_media":90038,"comment_status":"open","ping_status":"closed","sticky":false,"template":"","format":"standard","meta":{"om_disable_all_campaigns":false,"_jetpack_memberships_contains_paid_content":false,"footnotes":""},"categories":[50,101,2],"tags":[],"class_list":["post-90034","post","type-post","status-publish","format-standard","has-post-thumbnail","hentry","category-destacadas","category-interes-general-locales","category-locales"],"aioseo_notices":[],"gutentor_comment":0,"jetpack_featured_media_url":"https:\/\/eldiariodesanpedro.com.ar\/sitio\/wp-content\/uploads\/2021\/03\/unnamed-1.jpg","jetpack_shortlink":"https:\/\/wp.me\/p6RhLt-nqa","jetpack_sharing_enabled":true,"_links":{"self":[{"href":"https:\/\/eldiariodesanpedro.com.ar\/sitio\/wp-json\/wp\/v2\/posts\/90034","targetHints":{"allow":["GET"]}}],"collection":[{"href":"https:\/\/eldiariodesanpedro.com.ar\/sitio\/wp-json\/wp\/v2\/posts"}],"about":[{"href":"https:\/\/eldiariodesanpedro.com.ar\/sitio\/wp-json\/wp\/v2\/types\/post"}],"author":[{"embeddable":true,"href":"https:\/\/eldiariodesanpedro.com.ar\/sitio\/wp-json\/wp\/v2\/users\/4"}],"replies":[{"embeddable":true,"href":"https:\/\/eldiariodesanpedro.com.ar\/sitio\/wp-json\/wp\/v2\/comments?post=90034"}],"version-history":[{"count":1,"href":"https:\/\/eldiariodesanpedro.com.ar\/sitio\/wp-json\/wp\/v2\/posts\/90034\/revisions"}],"predecessor-version":[{"id":90039,"href":"https:\/\/eldiariodesanpedro.com.ar\/sitio\/wp-json\/wp\/v2\/posts\/90034\/revisions\/90039"}],"wp:featuredmedia":[{"embeddable":true,"href":"https:\/\/eldiariodesanpedro.com.ar\/sitio\/wp-json\/wp\/v2\/media\/90038"}],"wp:attachment":[{"href":"https:\/\/eldiariodesanpedro.com.ar\/sitio\/wp-json\/wp\/v2\/media?parent=90034"}],"wp:term":[{"taxonomy":"category","embeddable":true,"href":"https:\/\/eldiariodesanpedro.com.ar\/sitio\/wp-json\/wp\/v2\/categories?post=90034"},{"taxonomy":"post_tag","embeddable":true,"href":"https:\/\/eldiariodesanpedro.com.ar\/sitio\/wp-json\/wp\/v2\/tags?post=90034"}],"curies":[{"name":"wp","href":"https:\/\/api.w.org\/{rel}","templated":true}]}}