{"id":90032,"date":"2021-03-30T10:56:53","date_gmt":"2021-03-30T13:56:53","guid":{"rendered":"https:\/\/eldiariodesanpedro.com.ar\/sitio\/?p=90032"},"modified":"2021-03-30T10:57:03","modified_gmt":"2021-03-30T13:57:03","slug":"robaron-una-bicicleta-estacionada-sin-candado-en-la-vereda","status":"publish","type":"post","link":"https:\/\/eldiariodesanpedro.com.ar\/sitio\/robaron-una-bicicleta-estacionada-sin-candado-en-la-vereda\/","title":{"rendered":"Robaron una bicicleta estacionada sin candado en la vereda"},"content":{"rendered":"<!-- VideographyWP Plugin Message: Automatic video embedding prevented by plugin options. -->\n\n<p>En la jornada de ayer en la comisaria local se recibi\u00f3 la denuncia de un ciudadano\u00a0de 31 a\u00f1os, que en horas de la noche, dej\u00f3 bicicleta todo terreno sobre la vereda en la intersecci\u00f3n de las calles de Pellegrini y Caseros, para ingresar a negocio, y al salir ignorados le hab\u00edan sustra\u00eddo la misma que se encontraba sin candado.\u00a0 <\/p>\n\n\n\n<p>Interviene UFI N\u00b05 LOCAL.-\u00a0<\/p>\n","protected":false},"excerpt":{"rendered":"<p>En la jornada de ayer en la comisaria local se recibi\u00f3 la denuncia de un ciudadano\u00a0de 31 a\u00f1os, que en horas de la noche, dej\u00f3 bicicleta todo terreno sobre la vereda en la intersecci\u00f3n de las calles de Pellegrini y Caseros, para ingresar a negocio, y al salir ignorados le hab\u00edan sustra\u00eddo la misma que [&hellip;]<\/p>\n","protected":false},"author":4,"featured_media":45394,"comment_status":"open","ping_status":"closed","sticky":false,"template":"","format":"standard","meta":{"om_disable_all_campaigns":false,"_jetpack_memberships_contains_paid_content":false,"footnotes":""},"categories":[2,103],"tags":[],"class_list":["post-90032","post","type-post","status-publish","format-standard","has-post-thumbnail","hentry","category-locales","category-policiales-locales"],"aioseo_notices":[],"gutentor_comment":0,"jetpack_featured_media_url":"https:\/\/eldiariodesanpedro.com.ar\/sitio\/wp-content\/uploads\/2019\/01\/comisaria.jpg","jetpack_shortlink":"https:\/\/wp.me\/p6RhLt-nq8","jetpack_sharing_enabled":true,"_links":{"self":[{"href":"https:\/\/eldiariodesanpedro.com.ar\/sitio\/wp-json\/wp\/v2\/posts\/90032","targetHints":{"allow":["GET"]}}],"collection":[{"href":"https:\/\/eldiariodesanpedro.com.ar\/sitio\/wp-json\/wp\/v2\/posts"}],"about":[{"href":"https:\/\/eldiariodesanpedro.com.ar\/sitio\/wp-json\/wp\/v2\/types\/post"}],"author":[{"embeddable":true,"href":"https:\/\/eldiariodesanpedro.com.ar\/sitio\/wp-json\/wp\/v2\/users\/4"}],"replies":[{"embeddable":true,"href":"https:\/\/eldiariodesanpedro.com.ar\/sitio\/wp-json\/wp\/v2\/comments?post=90032"}],"version-history":[{"count":1,"href":"https:\/\/eldiariodesanpedro.com.ar\/sitio\/wp-json\/wp\/v2\/posts\/90032\/revisions"}],"predecessor-version":[{"id":90033,"href":"https:\/\/eldiariodesanpedro.com.ar\/sitio\/wp-json\/wp\/v2\/posts\/90032\/revisions\/90033"}],"wp:featuredmedia":[{"embeddable":true,"href":"https:\/\/eldiariodesanpedro.com.ar\/sitio\/wp-json\/wp\/v2\/media\/45394"}],"wp:attachment":[{"href":"https:\/\/eldiariodesanpedro.com.ar\/sitio\/wp-json\/wp\/v2\/media?parent=90032"}],"wp:term":[{"taxonomy":"category","embeddable":true,"href":"https:\/\/eldiariodesanpedro.com.ar\/sitio\/wp-json\/wp\/v2\/categories?post=90032"},{"taxonomy":"post_tag","embeddable":true,"href":"https:\/\/eldiariodesanpedro.com.ar\/sitio\/wp-json\/wp\/v2\/tags?post=90032"}],"curies":[{"name":"wp","href":"https:\/\/api.w.org\/{rel}","templated":true}]}}