{"id":9003,"date":"2016-10-19T18:38:26","date_gmt":"2016-10-19T21:38:26","guid":{"rendered":"https:\/\/eldiariodesanpedro.com.ar\/sitio\/?p=9003"},"modified":"2026-01-23T23:21:04","modified_gmt":"2026-01-24T02:21:04","slug":"anses-el-ministro-de-turismo-y-aerolineas-argentinas-acuerdan-descuento-del-30-en-viajes-para-junilados","status":"publish","type":"post","link":"https:\/\/eldiariodesanpedro.com.ar\/sitio\/anses-el-ministro-de-turismo-y-aerolineas-argentinas-acuerdan-descuento-del-30-en-viajes-para-junilados\/","title":{"rendered":"ANSES, el ministro de turismo y Aerol\u00edneas Argentinas acuerdan descuento del 30% en viajes para junilados"},"content":{"rendered":"<p><!-- VideographyWP Plugin Message: Automatic video embedding prevented by plugin options. --><br \/>\nEl Director Ejecutivo de la ANSES, Emilio Basavilbaso; el ministro de Turismo de la Naci\u00f3n, Gustavo Santos, y la Presidenta de Aerol\u00edneas Argentinas, Isela Costantini, firmaron hoy un acuerdo mediante el cual jubilados y pensionados tendr\u00e1n un descuento del 30% en vuelos a 36 destinos del pa\u00eds. Por parte de la ANSES particip\u00f3 tambi\u00e9n Patricio Piffano, Director General de Relaciones Institucionales y con la Comunidad.<\/p>\n<p>A partir de este acuerdo, los titulares podr\u00e1n acceder a una venta anticipada m\u00ednima de siete d\u00edas y por un m\u00ednimo de estad\u00eda de dos noches a trav\u00e9s de la p\u00e1gina web <a href=\"http:\/\/www.aerolineas.com.ar\/anses\">www.aerolineas.com.ar\/anses<\/a>. All\u00ed deber\u00e1n ingresar su n\u00famero de documento para que la ANSES valide sus datos.<\/p>\n<p>Al respecto, Basavilbaso expres\u00f3: \u00abEs una buena noticia para nuestros adultos mayores. Trabajando en equipo se obtienen mejores resultados y este convenio es una prueba de ello. De esta forma logramos ampliar los beneficios para nuestros jubilados y pensionados, lo que les permite tener la posibilidad de viajar a distintos destinos de nuestro pa\u00eds. La estrategia es seguir trabajando en conjunto con otros ministerios para mejorar la calidad de vida de nuestros adultos mayores\u00bb.<\/p>\n<p>Santos, a su turno, destac\u00f3: \u201cEsta medida es un aporte del turismo a la decisi\u00f3n del Gobierno Nacional de poner en marcha la postergada reparaci\u00f3n hist\u00f3rica para jubilados y pensionados. La estrategia busca articular la oferta y la demanda y renovar el impulso a la actividad tur\u00edstica en todos los destinos durante la temporada baja\u201d.<\/p>\n<p>En tanto, Costantini agreg\u00f3: \u201cAerol\u00edneas Argentinas est\u00e1 muy bien, nos sumamos a la propuesta del presidente Mauricio Macri de duplicar cabotaje, mejorando el servicio y bajando los costos. Con este convenio queremos lograr que todos accedan a destinos incre\u00edbles\u201d.<\/p>\n","protected":false},"excerpt":{"rendered":"<p>El Director Ejecutivo de la ANSES, Emilio Basavilbaso; el ministro de Turismo de la Naci\u00f3n, Gustavo Santos, y la Presidenta de Aerol\u00edneas Argentinas, Isela Costantini, firmaron hoy un acuerdo mediante el cual jubilados y pensionados tendr\u00e1n un descuento del 30% en vuelos a 36 destinos del pa\u00eds. Por parte de la ANSES particip\u00f3 tambi\u00e9n Patricio [&hellip;]<\/p>\n","protected":false},"author":4,"featured_media":3392,"comment_status":"open","ping_status":"closed","sticky":false,"template":"","format":"standard","meta":{"om_disable_all_campaigns":false,"_jetpack_memberships_contains_paid_content":false,"footnotes":""},"categories":[3],"tags":[],"class_list":["post-9003","post","type-post","status-publish","format-standard","has-post-thumbnail","hentry","category-nacionales"],"aioseo_notices":[],"gutentor_comment":0,"jetpack_featured_media_url":"https:\/\/eldiariodesanpedro.com.ar\/sitio\/wp-content\/uploads\/2016\/04\/MAT7-ANSES2.jpg","jetpack_shortlink":"https:\/\/wp.me\/p6RhLt-2ld","jetpack_sharing_enabled":true,"_links":{"self":[{"href":"https:\/\/eldiariodesanpedro.com.ar\/sitio\/wp-json\/wp\/v2\/posts\/9003","targetHints":{"allow":["GET"]}}],"collection":[{"href":"https:\/\/eldiariodesanpedro.com.ar\/sitio\/wp-json\/wp\/v2\/posts"}],"about":[{"href":"https:\/\/eldiariodesanpedro.com.ar\/sitio\/wp-json\/wp\/v2\/types\/post"}],"author":[{"embeddable":true,"href":"https:\/\/eldiariodesanpedro.com.ar\/sitio\/wp-json\/wp\/v2\/users\/4"}],"replies":[{"embeddable":true,"href":"https:\/\/eldiariodesanpedro.com.ar\/sitio\/wp-json\/wp\/v2\/comments?post=9003"}],"version-history":[{"count":2,"href":"https:\/\/eldiariodesanpedro.com.ar\/sitio\/wp-json\/wp\/v2\/posts\/9003\/revisions"}],"predecessor-version":[{"id":9005,"href":"https:\/\/eldiariodesanpedro.com.ar\/sitio\/wp-json\/wp\/v2\/posts\/9003\/revisions\/9005"}],"wp:featuredmedia":[{"embeddable":true,"href":"https:\/\/eldiariodesanpedro.com.ar\/sitio\/wp-json\/wp\/v2\/media\/3392"}],"wp:attachment":[{"href":"https:\/\/eldiariodesanpedro.com.ar\/sitio\/wp-json\/wp\/v2\/media?parent=9003"}],"wp:term":[{"taxonomy":"category","embeddable":true,"href":"https:\/\/eldiariodesanpedro.com.ar\/sitio\/wp-json\/wp\/v2\/categories?post=9003"},{"taxonomy":"post_tag","embeddable":true,"href":"https:\/\/eldiariodesanpedro.com.ar\/sitio\/wp-json\/wp\/v2\/tags?post=9003"}],"curies":[{"name":"wp","href":"https:\/\/api.w.org\/{rel}","templated":true}]}}