{"id":90027,"date":"2021-03-30T10:00:06","date_gmt":"2021-03-30T13:00:06","guid":{"rendered":"https:\/\/eldiariodesanpedro.com.ar\/sitio\/?p=90027"},"modified":"2021-03-30T11:05:29","modified_gmt":"2021-03-30T14:05:29","slug":"a-partir-de-esta-noche-la-provincia-restringe-la-nocturnidad-en-el-horario-de-2-a-6-hs","status":"publish","type":"post","link":"https:\/\/eldiariodesanpedro.com.ar\/sitio\/a-partir-de-esta-noche-la-provincia-restringe-la-nocturnidad-en-el-horario-de-2-a-6-hs\/","title":{"rendered":"A partir de esta noche la provincia restringe la nocturnidad en el horario de 2 a 6 hs"},"content":{"rendered":"<!-- VideographyWP Plugin Message: Automatic video embedding prevented by plugin options. -->\n\n<p>En la ma\u00f1ana de hoy el Gobernador Axel Kicilof determino volver a restringir la circulaci\u00f3n por el aumento de casos de coronavirus en la ciudad.<\/p>\n\n\n\n<p>El ministro de Salud provincial alert\u00f3 sobre el incremento explosivo de casos de coronavirus y destac\u00f3 que \u00abla cantidad de nuevos casos pone en riesgo la capacidad de respuesta del sistema, no solo en la internaci\u00f3n\u00bb<\/p>\n\n\n\n<p>Al hacer repaso de la situaci\u00f3n epidemiol\u00f3gica el titular de la cartera de Salud, Daniel Goll\u00e1n manifest\u00f3 la preocupaci\u00f3n del gobierno por la dimensi\u00f3n \u00abcasi explosiva\u00bb, en este sentido alert\u00f3 sobre \u00abla confirmaci\u00f3n de nuevos casos en una situaci\u00f3n que no hab\u00edamos visto hasta ahora\u00bb y agreg\u00f3 que \u00abla cantidad de nuevos casos pone en riesgo la capacidad de respuesta del sistema, no solo en la internaci\u00f3n\u00bb. En este sentido mostr\u00f3 alarma la velocidad en el aumento de casos, con impacto en el sistema de Salud.<\/p>\n\n\n\n<p>\u00abSi miramos la regi\u00f3n y lo que sucede alrededor, necesitamos el compromiso de la ciudadan\u00eda para cumplir los protocolos\u00bb exhort\u00f3 el funcionario provincial.<\/p>\n\n\n\n<p>A partir de este escenario, el jefe de Gabinete, Carlos Bianco, asegur\u00f3 que Buenos Aires adoptar\u00e1 las recomendaciones realizadas por el gobierno nacional el domingo por la noche e incentivar\u00e1 el teletrabajo en el empleo p\u00fablico, y anunci\u00f3 tres medidas con relaci\u00f3n a la situaci\u00f3n epidemiol\u00f3gica en los 110 distritos que est\u00e1n en fase 4 que comenzar\u00e1n a regir desde ma\u00f1ana.<\/p>\n\n\n\n<p>&#8211;\u00a0Se suspenden todas las actividades en el horario de entre 2 y 6 de la ma\u00f1ana. Quedan exceptuadas las actividades de car\u00e1cter productivo y servicios esenciales.<br>&#8211; Se limitan hasta 10 personas las reuniones sociales, familiares y recreativas.<br>&#8211; Analizar\u00e1n la creaci\u00f3n de una fase 3 con nuevas restricciones, cuando actualmente existen s\u00f3lo fase 4 y fase 5.<\/p>\n\n\n<a href=\"https:\/\/eldiariodesanpedro.com.ar\/sitio\/wp-content\/uploads\/2021\/03\/Fases_aislamiento_30_03_21_VF.pdf\" class=\"pdfemb-viewer\" style=\"\" data-width=\"max\" data-height=\"max\" data-toolbar=\"bottom\" data-toolbar-fixed=\"off\">Fases_aislamiento_30_03_21_VF<\/a>\n<p class=\"wp-block-pdfemb-pdf-embedder-viewer\"><\/p>\n","protected":false},"excerpt":{"rendered":"<p>En la ma\u00f1ana de hoy el Gobernador Axel Kicilof determino volver a restringir la circulaci\u00f3n por el aumento de casos de coronavirus en la ciudad. El ministro de Salud provincial alert\u00f3 sobre el incremento explosivo de casos de coronavirus y destac\u00f3 que \u00abla cantidad de nuevos casos pone en riesgo la capacidad de respuesta del [&hellip;]<\/p>\n","protected":false},"author":4,"featured_media":90028,"comment_status":"open","ping_status":"closed","sticky":false,"template":"","format":"standard","meta":{"om_disable_all_campaigns":false,"_jetpack_memberships_contains_paid_content":false,"footnotes":""},"categories":[50,621],"tags":[],"class_list":["post-90027","post","type-post","status-publish","format-standard","has-post-thumbnail","hentry","category-destacadas","category-regionales"],"aioseo_notices":[],"gutentor_comment":0,"jetpack_featured_media_url":"https:\/\/eldiariodesanpedro.com.ar\/sitio\/wp-content\/uploads\/2021\/03\/kicillof-destaco-el-nuevo-enfoque-democracia-participativa-la-reforma-judicial.jpg","jetpack_shortlink":"https:\/\/wp.me\/p6RhLt-nq3","jetpack_sharing_enabled":true,"_links":{"self":[{"href":"https:\/\/eldiariodesanpedro.com.ar\/sitio\/wp-json\/wp\/v2\/posts\/90027","targetHints":{"allow":["GET"]}}],"collection":[{"href":"https:\/\/eldiariodesanpedro.com.ar\/sitio\/wp-json\/wp\/v2\/posts"}],"about":[{"href":"https:\/\/eldiariodesanpedro.com.ar\/sitio\/wp-json\/wp\/v2\/types\/post"}],"author":[{"embeddable":true,"href":"https:\/\/eldiariodesanpedro.com.ar\/sitio\/wp-json\/wp\/v2\/users\/4"}],"replies":[{"embeddable":true,"href":"https:\/\/eldiariodesanpedro.com.ar\/sitio\/wp-json\/wp\/v2\/comments?post=90027"}],"version-history":[{"count":3,"href":"https:\/\/eldiariodesanpedro.com.ar\/sitio\/wp-json\/wp\/v2\/posts\/90027\/revisions"}],"predecessor-version":[{"id":90036,"href":"https:\/\/eldiariodesanpedro.com.ar\/sitio\/wp-json\/wp\/v2\/posts\/90027\/revisions\/90036"}],"wp:featuredmedia":[{"embeddable":true,"href":"https:\/\/eldiariodesanpedro.com.ar\/sitio\/wp-json\/wp\/v2\/media\/90028"}],"wp:attachment":[{"href":"https:\/\/eldiariodesanpedro.com.ar\/sitio\/wp-json\/wp\/v2\/media?parent=90027"}],"wp:term":[{"taxonomy":"category","embeddable":true,"href":"https:\/\/eldiariodesanpedro.com.ar\/sitio\/wp-json\/wp\/v2\/categories?post=90027"},{"taxonomy":"post_tag","embeddable":true,"href":"https:\/\/eldiariodesanpedro.com.ar\/sitio\/wp-json\/wp\/v2\/tags?post=90027"}],"curies":[{"name":"wp","href":"https:\/\/api.w.org\/{rel}","templated":true}]}}