{"id":90023,"date":"2021-03-30T09:54:35","date_gmt":"2021-03-30T12:54:35","guid":{"rendered":"https:\/\/eldiariodesanpedro.com.ar\/sitio\/?p=90023"},"modified":"2021-03-30T09:54:39","modified_gmt":"2021-03-30T12:54:39","slug":"oficializan-el-teletrabajo-para-los-estatales-bonaerenses","status":"publish","type":"post","link":"https:\/\/eldiariodesanpedro.com.ar\/sitio\/oficializan-el-teletrabajo-para-los-estatales-bonaerenses\/","title":{"rendered":"Oficializan el teletrabajo para los estatales bonaerenses"},"content":{"rendered":"<!-- VideographyWP Plugin Message: Automatic video embedding prevented by plugin options. -->\n\n<p><a href=\"https:\/\/media.infocielo.com\/p\/4274fad5e947f1c59774d849f45211bf\/adjuntos\/299\/imagenes\/000\/792\/0000792404\/los-estatales-vuelven-al-teletrabajo-la-provincia.jpg\"><\/a><\/p>\n\n\n\n<p>El Gobierno bonaerense oficializ\u00f3 este martes la vuelta al teletrabajo de los estatales bonaerenses con el objetivo de evitar m\u00e1s contagios.<\/p>\n\n\n\n<p>El Gobierno de\u00a0<strong>Axel Kicillof<\/strong>\u00a0oficializ\u00f3 este martes 30 de marzo la medida que dispone que los estatales bonaerenses vuelven al\u00a0<strong>teletrabajo<\/strong>\u00a0con el objetivo de evitar el incremento de casos de coronavirus. La medida, tal como lo hab\u00eda adelantado\u00a0<strong>INFOCIELO<\/strong>, ser\u00e1 hasta el mi\u00e9rcoles 31 inclusive y en v\u00edsperas del fin de semana largo por Semana Santa.<\/p>\n\n\n\n<p>El Jefe de Gabinete Carlos Bianco firm\u00f3 la Resoluci\u00f3n 894 publicada hoy en el Bolet\u00edn Oficial que dispone el regreso al teletrabajo de los estatales. De esta manera, la Provincia implementa una medida en el \u00e1mbito laboral p\u00fablico que busca que los contagios por coronavirus no se propaguen.<\/p>\n\n\n\n<p>Asimismo, la medida plantea \u00abestablecer de acuerdo a la suspensi\u00f3n del deber de asistencia al lugar de trabajo, dispuesta por el Decreto N\u00b0 203\/20 y sus modificatorios, para todo el personal de la Administraci\u00f3n P\u00fablica provincial, cualquiera sea su modalidad de contrataci\u00f3n y\/o r\u00e9gimen estatutario, la estricta y prioritaria prestaci\u00f3n de servicios mediante la modalidad de trabajo domiciliario\u00bb.<\/p>\n\n\n\n<p>En ese aspecto, \u00abquedar\u00e1n exceptuados del alcance del art\u00edculo 1\u00b0 de la presente, aquellas personas trabajadoras de la Administraci\u00f3n P\u00fablica provincial que hayan sido convocadas para garantizar servicios y actividades esenciales y\/o no interrumpibles, en los t\u00e9rminos de los art\u00edculos 3\u00b0 y 4\u00b0 del Decreto N\u00b0 165\/20, siempre que su prestaci\u00f3n, por su naturaleza, no pueda ser brindada desde el lugar de residencia\u00bb.<\/p>\n\n\n\n<p>Fuente: <a href=\"https:\/\/infocielo.com\/teletrabajo\/oficializan-el-los-estatales-bonaerenses-n708514\">Infocielo<\/a><\/p>\n","protected":false},"excerpt":{"rendered":"<p>El Gobierno bonaerense oficializ\u00f3 este martes la vuelta al teletrabajo de los estatales bonaerenses con el objetivo de evitar m\u00e1s contagios. El Gobierno de\u00a0Axel Kicillof\u00a0oficializ\u00f3 este martes 30 de marzo la medida que dispone que los estatales bonaerenses vuelven al\u00a0teletrabajo\u00a0con el objetivo de evitar el incremento de casos de coronavirus. La medida, tal como lo [&hellip;]<\/p>\n","protected":false},"author":4,"featured_media":90025,"comment_status":"open","ping_status":"closed","sticky":false,"template":"","format":"standard","meta":{"om_disable_all_campaigns":false,"_jetpack_memberships_contains_paid_content":false,"footnotes":""},"categories":[621],"tags":[],"class_list":["post-90023","post","type-post","status-publish","format-standard","has-post-thumbnail","hentry","category-regionales"],"aioseo_notices":[],"gutentor_comment":0,"jetpack_featured_media_url":"https:\/\/eldiariodesanpedro.com.ar\/sitio\/wp-content\/uploads\/2021\/03\/los-estatales-vuelven-al-teletrabajo-la-provincia.jpg","jetpack_shortlink":"https:\/\/wp.me\/p6RhLt-npZ","jetpack_sharing_enabled":true,"_links":{"self":[{"href":"https:\/\/eldiariodesanpedro.com.ar\/sitio\/wp-json\/wp\/v2\/posts\/90023","targetHints":{"allow":["GET"]}}],"collection":[{"href":"https:\/\/eldiariodesanpedro.com.ar\/sitio\/wp-json\/wp\/v2\/posts"}],"about":[{"href":"https:\/\/eldiariodesanpedro.com.ar\/sitio\/wp-json\/wp\/v2\/types\/post"}],"author":[{"embeddable":true,"href":"https:\/\/eldiariodesanpedro.com.ar\/sitio\/wp-json\/wp\/v2\/users\/4"}],"replies":[{"embeddable":true,"href":"https:\/\/eldiariodesanpedro.com.ar\/sitio\/wp-json\/wp\/v2\/comments?post=90023"}],"version-history":[{"count":1,"href":"https:\/\/eldiariodesanpedro.com.ar\/sitio\/wp-json\/wp\/v2\/posts\/90023\/revisions"}],"predecessor-version":[{"id":90026,"href":"https:\/\/eldiariodesanpedro.com.ar\/sitio\/wp-json\/wp\/v2\/posts\/90023\/revisions\/90026"}],"wp:featuredmedia":[{"embeddable":true,"href":"https:\/\/eldiariodesanpedro.com.ar\/sitio\/wp-json\/wp\/v2\/media\/90025"}],"wp:attachment":[{"href":"https:\/\/eldiariodesanpedro.com.ar\/sitio\/wp-json\/wp\/v2\/media?parent=90023"}],"wp:term":[{"taxonomy":"category","embeddable":true,"href":"https:\/\/eldiariodesanpedro.com.ar\/sitio\/wp-json\/wp\/v2\/categories?post=90023"},{"taxonomy":"post_tag","embeddable":true,"href":"https:\/\/eldiariodesanpedro.com.ar\/sitio\/wp-json\/wp\/v2\/tags?post=90023"}],"curies":[{"name":"wp","href":"https:\/\/api.w.org\/{rel}","templated":true}]}}