{"id":90017,"date":"2021-03-30T09:38:59","date_gmt":"2021-03-30T12:38:59","guid":{"rendered":"https:\/\/eldiariodesanpedro.com.ar\/sitio\/?p=90017"},"modified":"2021-03-30T09:39:00","modified_gmt":"2021-03-30T12:39:00","slug":"piden-la-suspension-de-clases-en-colegios-de-la-provincia","status":"publish","type":"post","link":"https:\/\/eldiariodesanpedro.com.ar\/sitio\/piden-la-suspension-de-clases-en-colegios-de-la-provincia\/","title":{"rendered":"Piden la suspensi\u00f3n de clases en colegios de la Provincia"},"content":{"rendered":"<!-- VideographyWP Plugin Message: Automatic video embedding prevented by plugin options. -->\n\n<p>Tras el anuncio de la exenci\u00f3n de presencialidad en la administraci\u00f3n p\u00fablica, el gremio Udocba pide suspender las clases en los colegios de la Provincia.<\/p>\n\n\n\n<p>El gremio docente Udocba sali\u00f3 hoy a pedir por la exenci\u00f3n de la presencialidad en las escuelas de la provincia de Buenos Aires en el marco del crecimiento de casos de coronavirus y luego de que el Gobierno dispusiera el teletrabajo para la administraci\u00f3n p\u00fablica nacional: \u00abPedimos la suspensi\u00f3n de clases y es por eso que le enviamos una nota a la directora general de escuelas\u00bb, dijo a INFOCIELO Miguel D\u00edaz, titular del gremio en cuesti\u00f3n.<\/p>\n\n\n\n<p>El pedido de la suspensi\u00f3n de clases por parte de Udocba luego que los casos de coronavirus en la provincia de Buenos Aires pegaron un salto en la \u00faltima semana y se incrementaran un 32%, por lo que el gobernador Axel Kicillof pidi\u00f3 incrementar la solidaridad y reforzar las medidas de cuidado individual. Los casos promedio diarios pasaron de 3.133 a 4.125.<\/p>\n\n\n\n<p>Es momento de cerrar por lo menos en Semana Santa y despu\u00e9s ver\u201d, cont\u00f3 tambi\u00e9n el dirigente de Udocba Miguel D\u00edaz, la organizaci\u00f3n alineada a la CGT que desde un inicio del ciclo lectivo se mostr\u00f3 reacia al respecto de la vuelta a la presencialidad.<\/p>\n\n\n\n<p>El sindicalista consider\u00f3 que \u201cno tiene ning\u00fan sentido\u201d la presencialidad ya que \u201ces una revinculaci\u00f3n nada m\u00e1s\u201d y \u201cen lo pedag\u00f3gico no da ning\u00fan fruto\u201d. D\u00edaz pidi\u00f3 \u201cdejar de arriesgar la vida de los pibes y de los docentes. Es altamente grave la situaci\u00f3n de los compa\u00f1eros docentes que tambi\u00e9n tienen familia\u201d, subray\u00f3.<\/p>\n\n\n\n<p>Asimismo, coincidi\u00f3 con lo informado con Naci\u00f3n sobre que las situaciones m\u00e1s alarmantes en la provincia se viven en los distritos de Avellaneda, Berazategui, Campana, Ca\u00f1uelas, Chivilcoy, Ensenada, Esteban Echeverr\u00eda, Florencio Varela, General Alvarado, General San Mart\u00edn, Hurlingham, Jos\u00e9 C. Paz, La Plata, Lan\u00fas, Malvinas Argentinas, Mor\u00f3n, Necochea, Olavarr\u00eda, Pilar, Quilmes, San Fernando, San Isidro, San Miguel, San Vicente, Tigre, Trenque Lauquen y Vicente L\u00f3pez.<\/p>\n\n\n\n<p>\u201cEsos distritos son paralelos, se da la misma situaci\u00f3n en las escuelas\u201d, explic\u00f3 el gremialista.<\/p>\n\n\n\n<p>La idea de suspender las clases presenciales en v\u00edsperas de Semana Santa tambi\u00e9n fue planteada hoy por el diputado oficialista Leopoldo Moreau. \u201cNo es dram\u00e1tico y es una pausa de siete d\u00edas importante para frenar la alta circulaci\u00f3n del virus\u201d, indic\u00f3.<\/p>\n\n\n\n<p>Ayer, en el marco del anuncio para la administraci\u00f3n p\u00fablica, el jefe de Gabinete, Santiago Cafiero, indic\u00f3 que \u201clas actividades educativas son prioritarias\u201d, por lo que pidi\u00f3 que los encuentros por fuera de las aulas sean cuidados y cumpliendo con los protocolos. \u201cLo que estamos llevando adelante es la presenicalidad en las aulas, necesitamos que el resto de las actividades se minimicen a la m\u00e1xima expresi\u00f3n\u201d, recalc\u00f3.<\/p>\n\n\n\n<p>Por su parte, ante la consulta de este medio, tanto del gremio FEB como SUTEBA, los otros dos gremios docentes de la Provincia, no se manfiestaron ni a favor ni en contra de la iniciativa propuesta por UDOCBA aunque s\u00ed reconocieron que son horas complejas y que se encuentran trabajando permanentemente para encontrar el mejor camino a seguir.<\/p>\n","protected":false},"excerpt":{"rendered":"<p>Tras el anuncio de la exenci\u00f3n de presencialidad en la administraci\u00f3n p\u00fablica, el gremio Udocba pide suspender las clases en los colegios de la Provincia. El gremio docente Udocba sali\u00f3 hoy a pedir por la exenci\u00f3n de la presencialidad en las escuelas de la provincia de Buenos Aires en el marco del crecimiento de casos [&hellip;]<\/p>\n","protected":false},"author":4,"featured_media":90018,"comment_status":"open","ping_status":"closed","sticky":false,"template":"","format":"standard","meta":{"om_disable_all_campaigns":false,"_jetpack_memberships_contains_paid_content":false,"footnotes":""},"categories":[621],"tags":[],"class_list":["post-90017","post","type-post","status-publish","format-standard","has-post-thumbnail","hentry","category-regionales"],"aioseo_notices":[],"gutentor_comment":0,"jetpack_featured_media_url":"https:\/\/eldiariodesanpedro.com.ar\/sitio\/wp-content\/uploads\/2021\/03\/5f91563aefbcd_1004x565_658x400.jpg","jetpack_shortlink":"https:\/\/wp.me\/p6RhLt-npT","jetpack_sharing_enabled":true,"_links":{"self":[{"href":"https:\/\/eldiariodesanpedro.com.ar\/sitio\/wp-json\/wp\/v2\/posts\/90017","targetHints":{"allow":["GET"]}}],"collection":[{"href":"https:\/\/eldiariodesanpedro.com.ar\/sitio\/wp-json\/wp\/v2\/posts"}],"about":[{"href":"https:\/\/eldiariodesanpedro.com.ar\/sitio\/wp-json\/wp\/v2\/types\/post"}],"author":[{"embeddable":true,"href":"https:\/\/eldiariodesanpedro.com.ar\/sitio\/wp-json\/wp\/v2\/users\/4"}],"replies":[{"embeddable":true,"href":"https:\/\/eldiariodesanpedro.com.ar\/sitio\/wp-json\/wp\/v2\/comments?post=90017"}],"version-history":[{"count":1,"href":"https:\/\/eldiariodesanpedro.com.ar\/sitio\/wp-json\/wp\/v2\/posts\/90017\/revisions"}],"predecessor-version":[{"id":90019,"href":"https:\/\/eldiariodesanpedro.com.ar\/sitio\/wp-json\/wp\/v2\/posts\/90017\/revisions\/90019"}],"wp:featuredmedia":[{"embeddable":true,"href":"https:\/\/eldiariodesanpedro.com.ar\/sitio\/wp-json\/wp\/v2\/media\/90018"}],"wp:attachment":[{"href":"https:\/\/eldiariodesanpedro.com.ar\/sitio\/wp-json\/wp\/v2\/media?parent=90017"}],"wp:term":[{"taxonomy":"category","embeddable":true,"href":"https:\/\/eldiariodesanpedro.com.ar\/sitio\/wp-json\/wp\/v2\/categories?post=90017"},{"taxonomy":"post_tag","embeddable":true,"href":"https:\/\/eldiariodesanpedro.com.ar\/sitio\/wp-json\/wp\/v2\/tags?post=90017"}],"curies":[{"name":"wp","href":"https:\/\/api.w.org\/{rel}","templated":true}]}}