{"id":90015,"date":"2021-03-30T09:30:49","date_gmt":"2021-03-30T12:30:49","guid":{"rendered":"https:\/\/eldiariodesanpedro.com.ar\/sitio\/?p=90015"},"modified":"2021-03-30T09:30:53","modified_gmt":"2021-03-30T12:30:53","slug":"arrecifes-lo-detuvieron-porque-se-nego-a-irse-de-una-fiesta-clandestina","status":"publish","type":"post","link":"https:\/\/eldiariodesanpedro.com.ar\/sitio\/arrecifes-lo-detuvieron-porque-se-nego-a-irse-de-una-fiesta-clandestina\/","title":{"rendered":"ARRECIFES | Lo detuvieron porque se neg\u00f3 a irse de una fiesta clandestina"},"content":{"rendered":"<!-- VideographyWP Plugin Message: Automatic video embedding prevented by plugin options. -->\n\n<p>Con fecha 27 de marzo, siendo las 5:00 horas, en calle Moreno y Tucum\u00e1n, personal policial procedi\u00f3 a la aprehensi\u00f3n de una persona de sexo masculino, mayor de edad, el cual se encontraba participando en una fiesta clandestina neg\u00e1ndose a retirarse del lugar. Personal de tr\u00e1nsito realiza acta de infracci\u00f3n a la propietaria del domicilio.<\/p>\n\n\n\n<p>Mantenida comunicaci\u00f3n con magistrado de intervenci\u00f3n dispuso notificaci\u00f3n de formaci\u00f3n causa y posterior libertad.<\/p>\n\n\n\n<p>Se realizaron actuaciones bajo la intervenci\u00f3n del Juzgado Federal N\u00ba 2 de San Nicol\u00e1s.<\/p>\n","protected":false},"excerpt":{"rendered":"<p>Con fecha 27 de marzo, siendo las 5:00 horas, en calle Moreno y Tucum\u00e1n, personal policial procedi\u00f3 a la aprehensi\u00f3n de una persona de sexo masculino, mayor de edad, el cual se encontraba participando en una fiesta clandestina neg\u00e1ndose a retirarse del lugar. Personal de tr\u00e1nsito realiza acta de infracci\u00f3n a la propietaria del domicilio. [&hellip;]<\/p>\n","protected":false},"author":4,"featured_media":69226,"comment_status":"open","ping_status":"closed","sticky":false,"template":"","format":"standard","meta":{"om_disable_all_campaigns":false,"_jetpack_memberships_contains_paid_content":false,"footnotes":""},"categories":[621],"tags":[],"class_list":["post-90015","post","type-post","status-publish","format-standard","has-post-thumbnail","hentry","category-regionales"],"aioseo_notices":[],"gutentor_comment":0,"jetpack_featured_media_url":"https:\/\/eldiariodesanpedro.com.ar\/sitio\/wp-content\/uploads\/2020\/02\/detenido-1.jpg","jetpack_shortlink":"https:\/\/wp.me\/p6RhLt-npR","jetpack_sharing_enabled":true,"_links":{"self":[{"href":"https:\/\/eldiariodesanpedro.com.ar\/sitio\/wp-json\/wp\/v2\/posts\/90015","targetHints":{"allow":["GET"]}}],"collection":[{"href":"https:\/\/eldiariodesanpedro.com.ar\/sitio\/wp-json\/wp\/v2\/posts"}],"about":[{"href":"https:\/\/eldiariodesanpedro.com.ar\/sitio\/wp-json\/wp\/v2\/types\/post"}],"author":[{"embeddable":true,"href":"https:\/\/eldiariodesanpedro.com.ar\/sitio\/wp-json\/wp\/v2\/users\/4"}],"replies":[{"embeddable":true,"href":"https:\/\/eldiariodesanpedro.com.ar\/sitio\/wp-json\/wp\/v2\/comments?post=90015"}],"version-history":[{"count":1,"href":"https:\/\/eldiariodesanpedro.com.ar\/sitio\/wp-json\/wp\/v2\/posts\/90015\/revisions"}],"predecessor-version":[{"id":90016,"href":"https:\/\/eldiariodesanpedro.com.ar\/sitio\/wp-json\/wp\/v2\/posts\/90015\/revisions\/90016"}],"wp:featuredmedia":[{"embeddable":true,"href":"https:\/\/eldiariodesanpedro.com.ar\/sitio\/wp-json\/wp\/v2\/media\/69226"}],"wp:attachment":[{"href":"https:\/\/eldiariodesanpedro.com.ar\/sitio\/wp-json\/wp\/v2\/media?parent=90015"}],"wp:term":[{"taxonomy":"category","embeddable":true,"href":"https:\/\/eldiariodesanpedro.com.ar\/sitio\/wp-json\/wp\/v2\/categories?post=90015"},{"taxonomy":"post_tag","embeddable":true,"href":"https:\/\/eldiariodesanpedro.com.ar\/sitio\/wp-json\/wp\/v2\/tags?post=90015"}],"curies":[{"name":"wp","href":"https:\/\/api.w.org\/{rel}","templated":true}]}}