{"id":90013,"date":"2021-03-30T09:22:52","date_gmt":"2021-03-30T12:22:52","guid":{"rendered":"https:\/\/eldiariodesanpedro.com.ar\/sitio\/?p=90013"},"modified":"2021-03-30T09:23:01","modified_gmt":"2021-03-30T12:23:01","slug":"dos-ciudadanos-aprehendidos-por-consumo-de-estupefacientes","status":"publish","type":"post","link":"https:\/\/eldiariodesanpedro.com.ar\/sitio\/dos-ciudadanos-aprehendidos-por-consumo-de-estupefacientes\/","title":{"rendered":"Dos ciudadanos aprehendidos por consumo de estupefacientes"},"content":{"rendered":"<!-- VideographyWP Plugin Message: Automatic video embedding prevented by plugin options. -->\n\n<p>Este martes el parte policial nuevamente como cada d\u00eda informa la aprehensi\u00f3n de sujetos que se encuentran en la v\u00eda p\u00fablica consumiendo estupefacientes.<\/p>\n\n\n\n<p>El d\u00eda de ayer, el personal policial realiz\u00f3 dos procedimientos en v\u00eda p\u00fablica, en los cuales desde distintos puntos de la ciudad traslado a la comisar\u00eda dos masculinos mayores de edad, a quienes se le secuestr\u00f3 en su poder picadura de marihuana de \u00ednfimo pesaje.&nbsp;<\/p>\n\n\n\n<p>Se iniciaron actuaciones judiciales con intervenci\u00f3n de la U.F.I N\u00b0 5 local.<\/p>\n","protected":false},"excerpt":{"rendered":"<p>Este martes el parte policial nuevamente como cada d\u00eda informa la aprehensi\u00f3n de sujetos que se encuentran en la v\u00eda p\u00fablica consumiendo estupefacientes. El d\u00eda de ayer, el personal policial realiz\u00f3 dos procedimientos en v\u00eda p\u00fablica, en los cuales desde distintos puntos de la ciudad traslado a la comisar\u00eda dos masculinos mayores de edad, a [&hellip;]<\/p>\n","protected":false},"author":4,"featured_media":82004,"comment_status":"open","ping_status":"closed","sticky":false,"template":"","format":"standard","meta":{"om_disable_all_campaigns":false,"_jetpack_memberships_contains_paid_content":false,"footnotes":""},"categories":[2,103],"tags":[],"class_list":["post-90013","post","type-post","status-publish","format-standard","has-post-thumbnail","hentry","category-locales","category-policiales-locales"],"aioseo_notices":[],"gutentor_comment":0,"jetpack_featured_media_url":"https:\/\/eldiariodesanpedro.com.ar\/sitio\/wp-content\/uploads\/2020\/10\/WhatsApp-Image-2020-10-09-at-09.51.31-1.jpeg","jetpack_shortlink":"https:\/\/wp.me\/p6RhLt-npP","jetpack_sharing_enabled":true,"_links":{"self":[{"href":"https:\/\/eldiariodesanpedro.com.ar\/sitio\/wp-json\/wp\/v2\/posts\/90013","targetHints":{"allow":["GET"]}}],"collection":[{"href":"https:\/\/eldiariodesanpedro.com.ar\/sitio\/wp-json\/wp\/v2\/posts"}],"about":[{"href":"https:\/\/eldiariodesanpedro.com.ar\/sitio\/wp-json\/wp\/v2\/types\/post"}],"author":[{"embeddable":true,"href":"https:\/\/eldiariodesanpedro.com.ar\/sitio\/wp-json\/wp\/v2\/users\/4"}],"replies":[{"embeddable":true,"href":"https:\/\/eldiariodesanpedro.com.ar\/sitio\/wp-json\/wp\/v2\/comments?post=90013"}],"version-history":[{"count":1,"href":"https:\/\/eldiariodesanpedro.com.ar\/sitio\/wp-json\/wp\/v2\/posts\/90013\/revisions"}],"predecessor-version":[{"id":90014,"href":"https:\/\/eldiariodesanpedro.com.ar\/sitio\/wp-json\/wp\/v2\/posts\/90013\/revisions\/90014"}],"wp:featuredmedia":[{"embeddable":true,"href":"https:\/\/eldiariodesanpedro.com.ar\/sitio\/wp-json\/wp\/v2\/media\/82004"}],"wp:attachment":[{"href":"https:\/\/eldiariodesanpedro.com.ar\/sitio\/wp-json\/wp\/v2\/media?parent=90013"}],"wp:term":[{"taxonomy":"category","embeddable":true,"href":"https:\/\/eldiariodesanpedro.com.ar\/sitio\/wp-json\/wp\/v2\/categories?post=90013"},{"taxonomy":"post_tag","embeddable":true,"href":"https:\/\/eldiariodesanpedro.com.ar\/sitio\/wp-json\/wp\/v2\/tags?post=90013"}],"curies":[{"name":"wp","href":"https:\/\/api.w.org\/{rel}","templated":true}]}}