{"id":9000,"date":"2016-10-19T17:35:13","date_gmt":"2016-10-19T20:35:13","guid":{"rendered":"https:\/\/eldiariodesanpedro.com.ar\/sitio\/?p=9000"},"modified":"2026-01-24T00:32:31","modified_gmt":"2026-01-24T03:32:31","slug":"un-sampedrino-nos-representara-en-mexico","status":"publish","type":"post","link":"https:\/\/eldiariodesanpedro.com.ar\/sitio\/un-sampedrino-nos-representara-en-mexico\/","title":{"rendered":"Un sampedrino, nos representara en M\u00e9xico"},"content":{"rendered":"<p><!-- VideographyWP Plugin Message: Automatic video embedding prevented by plugin options. --><br \/>\nDel 24 al 30 de octubre se llevara a cabo el Campeonato Panamericano M\u00e1ster de Pista y Ruta, el escenario del evento ser\u00e1 el Vel\u00f3dromo Panamericano de Jalisco, ubicado en la Unidad Deportiva CODE Paradero en Tlaquepaque, Jalisco, M\u00e9xico. <\/p>\n<p>El Sampedrino L\u00e1zaro Villarruel, seria el \u00fanico deportista de la regi\u00f3n que se presentara en la competencia.<\/p>\n","protected":false},"excerpt":{"rendered":"<p>Del 24 al 30 de octubre se llevara a cabo el Campeonato Panamericano M\u00e1ster de Pista y Ruta, el escenario del evento ser\u00e1 el Vel\u00f3dromo Panamericano de Jalisco, ubicado en la Unidad Deportiva CODE Paradero en Tlaquepaque, Jalisco, M\u00e9xico. El Sampedrino L\u00e1zaro Villarruel, seria el \u00fanico deportista de la regi\u00f3n que se presentara en la [&hellip;]<\/p>\n","protected":false},"author":4,"featured_media":9001,"comment_status":"open","ping_status":"closed","sticky":false,"template":"","format":"standard","meta":{"om_disable_all_campaigns":false,"_jetpack_memberships_contains_paid_content":false,"footnotes":""},"categories":[5],"tags":[],"class_list":["post-9000","post","type-post","status-publish","format-standard","has-post-thumbnail","hentry","category-deportes"],"aioseo_notices":[],"gutentor_comment":0,"jetpack_featured_media_url":"https:\/\/eldiariodesanpedro.com.ar\/sitio\/wp-content\/uploads\/2016\/10\/bicicleta.jpg","jetpack_shortlink":"https:\/\/wp.me\/p6RhLt-2la","jetpack_sharing_enabled":true,"_links":{"self":[{"href":"https:\/\/eldiariodesanpedro.com.ar\/sitio\/wp-json\/wp\/v2\/posts\/9000","targetHints":{"allow":["GET"]}}],"collection":[{"href":"https:\/\/eldiariodesanpedro.com.ar\/sitio\/wp-json\/wp\/v2\/posts"}],"about":[{"href":"https:\/\/eldiariodesanpedro.com.ar\/sitio\/wp-json\/wp\/v2\/types\/post"}],"author":[{"embeddable":true,"href":"https:\/\/eldiariodesanpedro.com.ar\/sitio\/wp-json\/wp\/v2\/users\/4"}],"replies":[{"embeddable":true,"href":"https:\/\/eldiariodesanpedro.com.ar\/sitio\/wp-json\/wp\/v2\/comments?post=9000"}],"version-history":[{"count":1,"href":"https:\/\/eldiariodesanpedro.com.ar\/sitio\/wp-json\/wp\/v2\/posts\/9000\/revisions"}],"predecessor-version":[{"id":9002,"href":"https:\/\/eldiariodesanpedro.com.ar\/sitio\/wp-json\/wp\/v2\/posts\/9000\/revisions\/9002"}],"wp:featuredmedia":[{"embeddable":true,"href":"https:\/\/eldiariodesanpedro.com.ar\/sitio\/wp-json\/wp\/v2\/media\/9001"}],"wp:attachment":[{"href":"https:\/\/eldiariodesanpedro.com.ar\/sitio\/wp-json\/wp\/v2\/media?parent=9000"}],"wp:term":[{"taxonomy":"category","embeddable":true,"href":"https:\/\/eldiariodesanpedro.com.ar\/sitio\/wp-json\/wp\/v2\/categories?post=9000"},{"taxonomy":"post_tag","embeddable":true,"href":"https:\/\/eldiariodesanpedro.com.ar\/sitio\/wp-json\/wp\/v2\/tags?post=9000"}],"curies":[{"name":"wp","href":"https:\/\/api.w.org\/{rel}","templated":true}]}}