{"id":89997,"date":"2021-03-29T18:25:07","date_gmt":"2021-03-29T21:25:07","guid":{"rendered":"https:\/\/eldiariodesanpedro.com.ar\/sitio\/?p=89997"},"modified":"2021-03-29T18:25:11","modified_gmt":"2021-03-29T21:25:11","slug":"comunicado-de-la-campana-de-vacunacion-vacunate-buenos-aires","status":"publish","type":"post","link":"https:\/\/eldiariodesanpedro.com.ar\/sitio\/comunicado-de-la-campana-de-vacunacion-vacunate-buenos-aires\/","title":{"rendered":"Comunicado de la campa\u00f1a de vacunaci\u00f3n VACUNATE BUENOS AIRES"},"content":{"rendered":"<!-- VideographyWP Plugin Message: Automatic video embedding prevented by plugin options. -->\n\n<p>NO SE PIDEN DATOS BANCARIOS NI ECON\u00d3MICOS A NINGUNA PERSONA INSCRIPTA O POR INSCRIBIRSE A LA VACUNACI\u00d3N<\/p>\n\n\n\n<p>Se informa a la comunidad que no se emiten llamadas telef\u00f3nicas desde el Ministerio de Salud de la Provincia de Buenos Aires ni desde ninguna repartici\u00f3n del mismo con la intenci\u00f3n de constatar datos de inscripci\u00f3n.<\/p>\n\n\n\n<p>En ning\u00fan momento del proceso de tr\u00e1mite se requiere informar datos bancarios ni econ\u00f3micos de las personas. Se solicita a quien reciba alg\u00fan llamado en nombre de la campa\u00f1a con pedido de este tipo de datos personales que no los provea y realice la denuncia ante las autoridades policiales o sanitarias.<\/p>\n\n\n\n<p>En San Pedro, al whatsapp 3329317575 o por correo electr\u00f3nico a <a href=\"mailto:vacunatesanpedro@gmail.com\">vacunatesanpedro@gmail.com<\/a><\/p>\n","protected":false},"excerpt":{"rendered":"<p>NO SE PIDEN DATOS BANCARIOS NI ECON\u00d3MICOS A NINGUNA PERSONA INSCRIPTA O POR INSCRIBIRSE A LA VACUNACI\u00d3N Se informa a la comunidad que no se emiten llamadas telef\u00f3nicas desde el Ministerio de Salud de la Provincia de Buenos Aires ni desde ninguna repartici\u00f3n del mismo con la intenci\u00f3n de constatar datos de inscripci\u00f3n. En ning\u00fan [&hellip;]<\/p>\n","protected":false},"author":4,"featured_media":89998,"comment_status":"open","ping_status":"closed","sticky":false,"template":"","format":"standard","meta":{"om_disable_all_campaigns":false,"_jetpack_memberships_contains_paid_content":false,"footnotes":""},"categories":[2],"tags":[],"class_list":["post-89997","post","type-post","status-publish","format-standard","has-post-thumbnail","hentry","category-locales"],"aioseo_notices":[],"gutentor_comment":0,"jetpack_featured_media_url":"https:\/\/eldiariodesanpedro.com.ar\/sitio\/wp-content\/uploads\/2021\/03\/WhatsApp-Image-2021-03-29-at-16.48.08.jpeg","jetpack_shortlink":"https:\/\/wp.me\/p6RhLt-npz","jetpack_sharing_enabled":true,"_links":{"self":[{"href":"https:\/\/eldiariodesanpedro.com.ar\/sitio\/wp-json\/wp\/v2\/posts\/89997","targetHints":{"allow":["GET"]}}],"collection":[{"href":"https:\/\/eldiariodesanpedro.com.ar\/sitio\/wp-json\/wp\/v2\/posts"}],"about":[{"href":"https:\/\/eldiariodesanpedro.com.ar\/sitio\/wp-json\/wp\/v2\/types\/post"}],"author":[{"embeddable":true,"href":"https:\/\/eldiariodesanpedro.com.ar\/sitio\/wp-json\/wp\/v2\/users\/4"}],"replies":[{"embeddable":true,"href":"https:\/\/eldiariodesanpedro.com.ar\/sitio\/wp-json\/wp\/v2\/comments?post=89997"}],"version-history":[{"count":1,"href":"https:\/\/eldiariodesanpedro.com.ar\/sitio\/wp-json\/wp\/v2\/posts\/89997\/revisions"}],"predecessor-version":[{"id":89999,"href":"https:\/\/eldiariodesanpedro.com.ar\/sitio\/wp-json\/wp\/v2\/posts\/89997\/revisions\/89999"}],"wp:featuredmedia":[{"embeddable":true,"href":"https:\/\/eldiariodesanpedro.com.ar\/sitio\/wp-json\/wp\/v2\/media\/89998"}],"wp:attachment":[{"href":"https:\/\/eldiariodesanpedro.com.ar\/sitio\/wp-json\/wp\/v2\/media?parent=89997"}],"wp:term":[{"taxonomy":"category","embeddable":true,"href":"https:\/\/eldiariodesanpedro.com.ar\/sitio\/wp-json\/wp\/v2\/categories?post=89997"},{"taxonomy":"post_tag","embeddable":true,"href":"https:\/\/eldiariodesanpedro.com.ar\/sitio\/wp-json\/wp\/v2\/tags?post=89997"}],"curies":[{"name":"wp","href":"https:\/\/api.w.org\/{rel}","templated":true}]}}