{"id":89990,"date":"2021-03-29T18:19:58","date_gmt":"2021-03-29T21:19:58","guid":{"rendered":"https:\/\/eldiariodesanpedro.com.ar\/sitio\/?p=89990"},"modified":"2021-03-29T18:20:02","modified_gmt":"2021-03-29T21:20:02","slug":"cortes-en-zona-costanera-por-actividades-de-semana-santa","status":"publish","type":"post","link":"https:\/\/eldiariodesanpedro.com.ar\/sitio\/cortes-en-zona-costanera-por-actividades-de-semana-santa\/","title":{"rendered":"Cortes en zona costanera por actividades de Semana Santa"},"content":{"rendered":"<!-- VideographyWP Plugin Message: Automatic video embedding prevented by plugin options. -->\n\n<p>La Direcci\u00f3n de Tr\u00e1nsito y Nocturnidad dependiente de la Secretar\u00eda de Seguridad de la Municipalidad de San Pedro informa que se ha elaborado un diagrama especial por las actividades previstas en Semana Santa.<\/p>\n\n\n\n<p>Jueves 1\u00b0 de abril<br>Peatonal en Avenida 11 de Septiembre (Paseo de los Canastos) desde las 19 hs.<\/p>\n\n\n\n<p>Viernes 2 de abril<br>Corte de Avenida Juan de Garay por espect\u00e1culos, con desv\u00edo de tr\u00e1nsito por el interior del Paseo P\u00fablico desde las 16 hasta las 22.<\/p>\n\n\n\n<p>S\u00e1bado 3 de abril<br>Corte de Avenida Juan de Garay por obra teatral con desv\u00edo de tr\u00e1nsito por el interior del Paseo P\u00fablico desde las 16 hasta las 22.<\/p>\n\n\n\n<p>Domingo 4 de abril<br>Peatonal en Avenida 11 de Septiembre (Paseo de los Canastos) desde las 19 hs.<\/p>\n","protected":false},"excerpt":{"rendered":"<p>La Direcci\u00f3n de Tr\u00e1nsito y Nocturnidad dependiente de la Secretar\u00eda de Seguridad de la Municipalidad de San Pedro informa que se ha elaborado un diagrama especial por las actividades previstas en Semana Santa. Jueves 1\u00b0 de abrilPeatonal en Avenida 11 de Septiembre (Paseo de los Canastos) desde las 19 hs. Viernes 2 de abrilCorte de [&hellip;]<\/p>\n","protected":false},"author":4,"featured_media":89991,"comment_status":"open","ping_status":"closed","sticky":false,"template":"","format":"standard","meta":{"om_disable_all_campaigns":false,"_jetpack_memberships_contains_paid_content":false,"footnotes":""},"categories":[50,101,2],"tags":[],"class_list":["post-89990","post","type-post","status-publish","format-standard","has-post-thumbnail","hentry","category-destacadas","category-interes-general-locales","category-locales"],"aioseo_notices":[],"gutentor_comment":0,"jetpack_featured_media_url":"https:\/\/eldiariodesanpedro.com.ar\/sitio\/wp-content\/uploads\/2021\/03\/WhatsApp-Image-2021-03-29-at-13.09.11.jpeg","jetpack_shortlink":"https:\/\/wp.me\/p6RhLt-nps","jetpack_sharing_enabled":true,"_links":{"self":[{"href":"https:\/\/eldiariodesanpedro.com.ar\/sitio\/wp-json\/wp\/v2\/posts\/89990","targetHints":{"allow":["GET"]}}],"collection":[{"href":"https:\/\/eldiariodesanpedro.com.ar\/sitio\/wp-json\/wp\/v2\/posts"}],"about":[{"href":"https:\/\/eldiariodesanpedro.com.ar\/sitio\/wp-json\/wp\/v2\/types\/post"}],"author":[{"embeddable":true,"href":"https:\/\/eldiariodesanpedro.com.ar\/sitio\/wp-json\/wp\/v2\/users\/4"}],"replies":[{"embeddable":true,"href":"https:\/\/eldiariodesanpedro.com.ar\/sitio\/wp-json\/wp\/v2\/comments?post=89990"}],"version-history":[{"count":1,"href":"https:\/\/eldiariodesanpedro.com.ar\/sitio\/wp-json\/wp\/v2\/posts\/89990\/revisions"}],"predecessor-version":[{"id":89992,"href":"https:\/\/eldiariodesanpedro.com.ar\/sitio\/wp-json\/wp\/v2\/posts\/89990\/revisions\/89992"}],"wp:featuredmedia":[{"embeddable":true,"href":"https:\/\/eldiariodesanpedro.com.ar\/sitio\/wp-json\/wp\/v2\/media\/89991"}],"wp:attachment":[{"href":"https:\/\/eldiariodesanpedro.com.ar\/sitio\/wp-json\/wp\/v2\/media?parent=89990"}],"wp:term":[{"taxonomy":"category","embeddable":true,"href":"https:\/\/eldiariodesanpedro.com.ar\/sitio\/wp-json\/wp\/v2\/categories?post=89990"},{"taxonomy":"post_tag","embeddable":true,"href":"https:\/\/eldiariodesanpedro.com.ar\/sitio\/wp-json\/wp\/v2\/tags?post=89990"}],"curies":[{"name":"wp","href":"https:\/\/api.w.org\/{rel}","templated":true}]}}