{"id":89964,"date":"2021-03-29T12:06:23","date_gmt":"2021-03-29T15:06:23","guid":{"rendered":"https:\/\/eldiariodesanpedro.com.ar\/sitio\/?p=89964"},"modified":"2021-03-29T12:06:28","modified_gmt":"2021-03-29T15:06:28","slug":"el-gobierno-bonaerense-evalua-restringir-actividades-recreativas-por-segunda-ola-de-coronavirus","status":"publish","type":"post","link":"https:\/\/eldiariodesanpedro.com.ar\/sitio\/el-gobierno-bonaerense-evalua-restringir-actividades-recreativas-por-segunda-ola-de-coronavirus\/","title":{"rendered":"El Gobierno bonaerense eval\u00faa restringir actividades recreativas por segunda ola de coronavirus"},"content":{"rendered":"<!-- VideographyWP Plugin Message: Automatic video embedding prevented by plugin options. -->\n\n<p>El jefe de Gabinete del Ministerio de Salud bonaerense, Enio Garc\u00eda, adelant\u00f3 hoy que la provincia \u201ceval\u00faa\u201d restringir actividades recreativas ante la llegada de la segunda ola de coronavirus, luego de que el gobierno nacional anunciara medidas para frenar el avance de la enfermedad.<\/p>\n\n\n\n<p>\u201cAument\u00f3 la ocupaci\u00f3n de camas de terapia intensiva, se podr\u00eda decir que empez\u00f3 la segunda ola, es una tendencia que no ve posibilidades de ir bajando por lo menos a corto plazo\u201d, dijo hoy Garc\u00eda, en di\u00e1logo con AM750.<\/p>\n\n\n\n<p>El sanitarista coment\u00f3 que tambi\u00e9n aumentaron otros indicadores, como la positividad de los testeos en la provincia de Buenos Aires, por lo que admiti\u00f3 que se eval\u00faan nuevas restricciones con el objetivo de achatar la curva de contagios.<\/p>\n\n\n\n<p>\u201cHay evidencia de que frecuentar espacios cerrados no colabora, por ah\u00ed no hace falta cerrar los bares, sino tratar de que la asistencia sea en veredas, terrazas o espacios abiertos\u201d, indic\u00f3 Garc\u00eda.<\/p>\n\n\n\n<p>Precis\u00f3 que el objetivo ser\u00eda aplicar \u201cuna serie de medidas escalonadas para ir intentando, y ver c\u00f3mo impacta la curva\u201d.<\/p>\n\n\n\n<p>\u201cQue sea algo m\u00e1s escalonado para evitar impulsar medidas sanitarias como las que adopt\u00f3 Chile, que la semana pasada comenz\u00f3 una gran cuarentena\u201d, apunt\u00f3.<\/p>\n\n\n\n<p>El funcionario precis\u00f3 que en la provincia de Buenos Aires ya fueron detectados casos de coronavirus con las variantes de Manaos y el Reino Unido, m\u00e1s contagiosas, remarc\u00f3 que por ahora no hay \u201ccirculaci\u00f3n comunitaria\u201d, aunque no descart\u00f3 que eso pueda ocurrir, ya que en la Ciudad de Buenos Aires \u201cs\u00ed hay casos sin nexo epidemiol\u00f3gico de ambas cepas\u201d.<\/p>\n\n\n\n<p>En relaci\u00f3n a mayores restricciones para quienes regresen del exterior, dijo que \u201chay una situaci\u00f3n compleja\u201d ya que \u201chay turistas que necesitan volver\u201d pero aclar\u00f3 que \u201chay que tener el cuidado de que cuando vuelvan, m\u00e1s all\u00e1 del resultado, tienen que cumplir con un aislamiento estricto de 14 d\u00edas sin salir de casa, si se puede en un hotel, mejor, pero que se cumpla con esa cuarentena\u201d.<\/p>\n\n\n\n<p>Al ser consultado sobre la campa\u00f1a de vacunaci\u00f3n, Garc\u00eda dijo que la provincia tiene la \u201ccapacidad de ampliar la capacidad, cuando lleguen m\u00e1s dosis\u201d.<\/p>\n\n\n\n<p>\u201cEs dif\u00edcil que uno vaya abriendo postas si no hay m\u00e1s dosis, si tenemos el suministro m\u00e1s previsible, uno puede planificar mejor y abrir m\u00e1s postas para reforzar\u201d, inform\u00f3.<\/p>\n\n\n\n<p>\u201cTuvimos picos de m\u00e1s de 60 mil vacunados en un d\u00eda, y podemos ampliar eso, en la medida que nos den m\u00e1s previsibilidad sobre la llegada de las dosis\u201d, apunt\u00f3.<\/p>\n","protected":false},"excerpt":{"rendered":"<p>El jefe de Gabinete del Ministerio de Salud bonaerense, Enio Garc\u00eda, adelant\u00f3 hoy que la provincia \u201ceval\u00faa\u201d restringir actividades recreativas ante la llegada de la segunda ola de coronavirus, luego de que el gobierno nacional anunciara medidas para frenar el avance de la enfermedad. \u201cAument\u00f3 la ocupaci\u00f3n de camas de terapia intensiva, se podr\u00eda decir [&hellip;]<\/p>\n","protected":false},"author":4,"featured_media":89965,"comment_status":"open","ping_status":"closed","sticky":false,"template":"","format":"standard","meta":{"om_disable_all_campaigns":false,"_jetpack_memberships_contains_paid_content":false,"footnotes":""},"categories":[621],"tags":[],"class_list":["post-89964","post","type-post","status-publish","format-standard","has-post-thumbnail","hentry","category-regionales"],"aioseo_notices":[],"gutentor_comment":0,"jetpack_featured_media_url":"https:\/\/eldiariodesanpedro.com.ar\/sitio\/wp-content\/uploads\/2021\/03\/bares.jpg","jetpack_shortlink":"https:\/\/wp.me\/p6RhLt-np2","jetpack_sharing_enabled":true,"_links":{"self":[{"href":"https:\/\/eldiariodesanpedro.com.ar\/sitio\/wp-json\/wp\/v2\/posts\/89964","targetHints":{"allow":["GET"]}}],"collection":[{"href":"https:\/\/eldiariodesanpedro.com.ar\/sitio\/wp-json\/wp\/v2\/posts"}],"about":[{"href":"https:\/\/eldiariodesanpedro.com.ar\/sitio\/wp-json\/wp\/v2\/types\/post"}],"author":[{"embeddable":true,"href":"https:\/\/eldiariodesanpedro.com.ar\/sitio\/wp-json\/wp\/v2\/users\/4"}],"replies":[{"embeddable":true,"href":"https:\/\/eldiariodesanpedro.com.ar\/sitio\/wp-json\/wp\/v2\/comments?post=89964"}],"version-history":[{"count":1,"href":"https:\/\/eldiariodesanpedro.com.ar\/sitio\/wp-json\/wp\/v2\/posts\/89964\/revisions"}],"predecessor-version":[{"id":89966,"href":"https:\/\/eldiariodesanpedro.com.ar\/sitio\/wp-json\/wp\/v2\/posts\/89964\/revisions\/89966"}],"wp:featuredmedia":[{"embeddable":true,"href":"https:\/\/eldiariodesanpedro.com.ar\/sitio\/wp-json\/wp\/v2\/media\/89965"}],"wp:attachment":[{"href":"https:\/\/eldiariodesanpedro.com.ar\/sitio\/wp-json\/wp\/v2\/media?parent=89964"}],"wp:term":[{"taxonomy":"category","embeddable":true,"href":"https:\/\/eldiariodesanpedro.com.ar\/sitio\/wp-json\/wp\/v2\/categories?post=89964"},{"taxonomy":"post_tag","embeddable":true,"href":"https:\/\/eldiariodesanpedro.com.ar\/sitio\/wp-json\/wp\/v2\/tags?post=89964"}],"curies":[{"name":"wp","href":"https:\/\/api.w.org\/{rel}","templated":true}]}}