{"id":89961,"date":"2021-03-29T12:04:42","date_gmt":"2021-03-29T15:04:42","guid":{"rendered":"https:\/\/eldiariodesanpedro.com.ar\/sitio\/?p=89961"},"modified":"2021-03-29T12:04:47","modified_gmt":"2021-03-29T15:04:47","slug":"san-nicolas-homicidio-tras-una-fiesta-clandestina-en-barrio-7-de-septiembre","status":"publish","type":"post","link":"https:\/\/eldiariodesanpedro.com.ar\/sitio\/san-nicolas-homicidio-tras-una-fiesta-clandestina-en-barrio-7-de-septiembre\/","title":{"rendered":"SAN NICOL\u00c1S | Homicidio tras una fiesta clandestina en barrio 7 de Septiembre"},"content":{"rendered":"<!-- VideographyWP Plugin Message: Automatic video embedding prevented by plugin options. -->\n\n<p>En la madrugada del domingo Gustavo Fabi\u00e1n L\u00f3pez recibi\u00f3 un disparo de arma de fuego y horas despu\u00e9s falleci\u00f3 en el hospital San Felipe. El ataque fue luego de una fiesta clandestina que se desarroll\u00f3 en B\u00b0 7 de Septiembre.<\/p>\n\n\n\n<p>En la denuncia policial, la pareja de L\u00f3pez refiri\u00f3 que fueron interceptados por tres sujetos, de los cuales uno de ellos le manifest\u00f3 a la v\u00edctima: \u00abMir\u00e1 d\u00f3nde te vengo a encontrar\u00bb. Y luego efectu\u00f3 un disparo de arma de fuego, a corta distancia, impactando en la cabeza.<\/p>\n\n\n\n<p>El autor del disparo fue un menor de edad, de 17 a\u00f1os, quien fue aprehendido por personal de la Comisar\u00eda Segunda.<\/p>\n\n\n\n<p>Fuente: <a href=\"http:\/\/www.diarioelinformante.com.ar\/nota-61112_homicidio-tras-una-fiesta-clandestina-en-barrio-7-de-septiembre-#\">Diario El Informante<\/a><\/p>\n","protected":false},"excerpt":{"rendered":"<p>En la madrugada del domingo Gustavo Fabi\u00e1n L\u00f3pez recibi\u00f3 un disparo de arma de fuego y horas despu\u00e9s falleci\u00f3 en el hospital San Felipe. El ataque fue luego de una fiesta clandestina que se desarroll\u00f3 en B\u00b0 7 de Septiembre. En la denuncia policial, la pareja de L\u00f3pez refiri\u00f3 que fueron interceptados por tres sujetos, [&hellip;]<\/p>\n","protected":false},"author":4,"featured_media":89962,"comment_status":"open","ping_status":"closed","sticky":false,"template":"","format":"standard","meta":{"om_disable_all_campaigns":false,"_jetpack_memberships_contains_paid_content":false,"footnotes":""},"categories":[621],"tags":[],"class_list":["post-89961","post","type-post","status-publish","format-standard","has-post-thumbnail","hentry","category-regionales"],"aioseo_notices":[],"gutentor_comment":0,"jetpack_featured_media_url":"https:\/\/eldiariodesanpedro.com.ar\/sitio\/wp-content\/uploads\/2021\/03\/conmarca30519.jpg","jetpack_shortlink":"https:\/\/wp.me\/p6RhLt-noZ","jetpack_sharing_enabled":true,"_links":{"self":[{"href":"https:\/\/eldiariodesanpedro.com.ar\/sitio\/wp-json\/wp\/v2\/posts\/89961","targetHints":{"allow":["GET"]}}],"collection":[{"href":"https:\/\/eldiariodesanpedro.com.ar\/sitio\/wp-json\/wp\/v2\/posts"}],"about":[{"href":"https:\/\/eldiariodesanpedro.com.ar\/sitio\/wp-json\/wp\/v2\/types\/post"}],"author":[{"embeddable":true,"href":"https:\/\/eldiariodesanpedro.com.ar\/sitio\/wp-json\/wp\/v2\/users\/4"}],"replies":[{"embeddable":true,"href":"https:\/\/eldiariodesanpedro.com.ar\/sitio\/wp-json\/wp\/v2\/comments?post=89961"}],"version-history":[{"count":1,"href":"https:\/\/eldiariodesanpedro.com.ar\/sitio\/wp-json\/wp\/v2\/posts\/89961\/revisions"}],"predecessor-version":[{"id":89963,"href":"https:\/\/eldiariodesanpedro.com.ar\/sitio\/wp-json\/wp\/v2\/posts\/89961\/revisions\/89963"}],"wp:featuredmedia":[{"embeddable":true,"href":"https:\/\/eldiariodesanpedro.com.ar\/sitio\/wp-json\/wp\/v2\/media\/89962"}],"wp:attachment":[{"href":"https:\/\/eldiariodesanpedro.com.ar\/sitio\/wp-json\/wp\/v2\/media?parent=89961"}],"wp:term":[{"taxonomy":"category","embeddable":true,"href":"https:\/\/eldiariodesanpedro.com.ar\/sitio\/wp-json\/wp\/v2\/categories?post=89961"},{"taxonomy":"post_tag","embeddable":true,"href":"https:\/\/eldiariodesanpedro.com.ar\/sitio\/wp-json\/wp\/v2\/tags?post=89961"}],"curies":[{"name":"wp","href":"https:\/\/api.w.org\/{rel}","templated":true}]}}