{"id":89958,"date":"2021-03-29T12:01:36","date_gmt":"2021-03-29T15:01:36","guid":{"rendered":"https:\/\/eldiariodesanpedro.com.ar\/sitio\/?p=89958"},"modified":"2021-03-29T12:01:41","modified_gmt":"2021-03-29T15:01:41","slug":"ramallo-arrebeef-busca-despedir-a-250-trabajadores","status":"publish","type":"post","link":"https:\/\/eldiariodesanpedro.com.ar\/sitio\/ramallo-arrebeef-busca-despedir-a-250-trabajadores\/","title":{"rendered":"RAMALLO | ArreBeef busca despedir a 250 trabajadores"},"content":{"rendered":"<!-- VideographyWP Plugin Message: Automatic video embedding prevented by plugin options. -->\n\n<p>Este jueves 25 de marzo se realiz\u00f3 una reuni\u00f3n en el Ministerio de Trabajo de la provincia de Buenos Aires, entre los representantes de la empresa frigor\u00edfica y la Federaci\u00f3n de la Carne, donde se abordaron las condiciones para la reapertura de la planta.<\/p>\n\n\n\n<p>En la negociaci\u00f3n, la empresa puso como condici\u00f3n sacar a 250 trabajadores y mantener el mismo sueldo cada 15 d\u00edas.<\/p>\n\n\n\n<p>Desde la representaci\u00f3n de los trabajadores rechazaron esta propuesta y acordaron volver a reunirse el martes pr\u00f3ximo.<\/p>\n\n\n\n<p>Fuente: Ramallo Ciudad<\/p>\n","protected":false},"excerpt":{"rendered":"<p>Este jueves 25 de marzo se realiz\u00f3 una reuni\u00f3n en el Ministerio de Trabajo de la provincia de Buenos Aires, entre los representantes de la empresa frigor\u00edfica y la Federaci\u00f3n de la Carne, donde se abordaron las condiciones para la reapertura de la planta. En la negociaci\u00f3n, la empresa puso como condici\u00f3n sacar a 250 [&hellip;]<\/p>\n","protected":false},"author":4,"featured_media":89959,"comment_status":"open","ping_status":"closed","sticky":false,"template":"","format":"standard","meta":{"om_disable_all_campaigns":false,"_jetpack_memberships_contains_paid_content":false,"footnotes":""},"categories":[621],"tags":[],"class_list":["post-89958","post","type-post","status-publish","format-standard","has-post-thumbnail","hentry","category-regionales"],"aioseo_notices":[],"gutentor_comment":0,"jetpack_featured_media_url":"https:\/\/eldiariodesanpedro.com.ar\/sitio\/wp-content\/uploads\/2021\/03\/bbx_745711071_1_arrebeef.jpg","jetpack_shortlink":"https:\/\/wp.me\/p6RhLt-noW","jetpack_sharing_enabled":true,"_links":{"self":[{"href":"https:\/\/eldiariodesanpedro.com.ar\/sitio\/wp-json\/wp\/v2\/posts\/89958","targetHints":{"allow":["GET"]}}],"collection":[{"href":"https:\/\/eldiariodesanpedro.com.ar\/sitio\/wp-json\/wp\/v2\/posts"}],"about":[{"href":"https:\/\/eldiariodesanpedro.com.ar\/sitio\/wp-json\/wp\/v2\/types\/post"}],"author":[{"embeddable":true,"href":"https:\/\/eldiariodesanpedro.com.ar\/sitio\/wp-json\/wp\/v2\/users\/4"}],"replies":[{"embeddable":true,"href":"https:\/\/eldiariodesanpedro.com.ar\/sitio\/wp-json\/wp\/v2\/comments?post=89958"}],"version-history":[{"count":1,"href":"https:\/\/eldiariodesanpedro.com.ar\/sitio\/wp-json\/wp\/v2\/posts\/89958\/revisions"}],"predecessor-version":[{"id":89960,"href":"https:\/\/eldiariodesanpedro.com.ar\/sitio\/wp-json\/wp\/v2\/posts\/89958\/revisions\/89960"}],"wp:featuredmedia":[{"embeddable":true,"href":"https:\/\/eldiariodesanpedro.com.ar\/sitio\/wp-json\/wp\/v2\/media\/89959"}],"wp:attachment":[{"href":"https:\/\/eldiariodesanpedro.com.ar\/sitio\/wp-json\/wp\/v2\/media?parent=89958"}],"wp:term":[{"taxonomy":"category","embeddable":true,"href":"https:\/\/eldiariodesanpedro.com.ar\/sitio\/wp-json\/wp\/v2\/categories?post=89958"},{"taxonomy":"post_tag","embeddable":true,"href":"https:\/\/eldiariodesanpedro.com.ar\/sitio\/wp-json\/wp\/v2\/tags?post=89958"}],"curies":[{"name":"wp","href":"https:\/\/api.w.org\/{rel}","templated":true}]}}