{"id":89955,"date":"2021-03-29T12:00:12","date_gmt":"2021-03-29T15:00:12","guid":{"rendered":"https:\/\/eldiariodesanpedro.com.ar\/sitio\/?p=89955"},"modified":"2021-03-29T12:00:17","modified_gmt":"2021-03-29T15:00:17","slug":"ramallo-cerca-de-60-mil-personas-disfrutaron-del-ramallo-pora-virtual","status":"publish","type":"post","link":"https:\/\/eldiariodesanpedro.com.ar\/sitio\/ramallo-cerca-de-60-mil-personas-disfrutaron-del-ramallo-pora-virtual\/","title":{"rendered":"RAMALLO | Cerca de 60 mil personas disfrutaron del Ramallo Por\u00e1 virtual"},"content":{"rendered":"<!-- VideographyWP Plugin Message: Automatic video embedding prevented by plugin options. -->\n\n<p>Un gran despliegue t\u00e9cnico se dispuso para lograrlo, con sonido profesional, 5 c\u00e1maras de alta definici\u00f3n y una gr\u00faa; adem\u00e1s de tomas a\u00e9reas con dron para mostrar la belleza natural de Ramallo.<\/p>\n\n\n\n<p>Seg\u00fan Facebook, las reproducciones llegaron no s\u00f3lo desde distintos puntos del pa\u00eds sino desde Brasil y Estados Unidos, entre otros pa\u00edses latinoamericanos. Esto representa una gran oportunidad para mostrar a Ramallo al mundo.<\/p>\n\n\n\n<p>En el escenario, brillaron\u00a0<strong>Ricardo Esquivel<\/strong>, Amistad Chamamecera,\u00a0<strong>Rub\u00e9n Dom\u00ednguez<\/strong>\u00a0y su conjunto, Sentir Montielero y los destacados bailarines y bailarinas del Ballet Horizonte.<\/p>\n\n\n\n<p>Fuente: Ramallo Ciudad<\/p>\n","protected":false},"excerpt":{"rendered":"<p>Un gran despliegue t\u00e9cnico se dispuso para lograrlo, con sonido profesional, 5 c\u00e1maras de alta definici\u00f3n y una gr\u00faa; adem\u00e1s de tomas a\u00e9reas con dron para mostrar la belleza natural de Ramallo. Seg\u00fan Facebook, las reproducciones llegaron no s\u00f3lo desde distintos puntos del pa\u00eds sino desde Brasil y Estados Unidos, entre otros pa\u00edses latinoamericanos. Esto [&hellip;]<\/p>\n","protected":false},"author":4,"featured_media":89956,"comment_status":"open","ping_status":"closed","sticky":false,"template":"","format":"standard","meta":{"om_disable_all_campaigns":false,"_jetpack_memberships_contains_paid_content":false,"footnotes":""},"categories":[621],"tags":[],"class_list":["post-89955","post","type-post","status-publish","format-standard","has-post-thumbnail","hentry","category-regionales"],"aioseo_notices":[],"gutentor_comment":0,"jetpack_featured_media_url":"https:\/\/eldiariodesanpedro.com.ar\/sitio\/wp-content\/uploads\/2021\/03\/bbx_922614619_1_51.24.jpeg","jetpack_shortlink":"https:\/\/wp.me\/p6RhLt-noT","jetpack_sharing_enabled":true,"_links":{"self":[{"href":"https:\/\/eldiariodesanpedro.com.ar\/sitio\/wp-json\/wp\/v2\/posts\/89955","targetHints":{"allow":["GET"]}}],"collection":[{"href":"https:\/\/eldiariodesanpedro.com.ar\/sitio\/wp-json\/wp\/v2\/posts"}],"about":[{"href":"https:\/\/eldiariodesanpedro.com.ar\/sitio\/wp-json\/wp\/v2\/types\/post"}],"author":[{"embeddable":true,"href":"https:\/\/eldiariodesanpedro.com.ar\/sitio\/wp-json\/wp\/v2\/users\/4"}],"replies":[{"embeddable":true,"href":"https:\/\/eldiariodesanpedro.com.ar\/sitio\/wp-json\/wp\/v2\/comments?post=89955"}],"version-history":[{"count":1,"href":"https:\/\/eldiariodesanpedro.com.ar\/sitio\/wp-json\/wp\/v2\/posts\/89955\/revisions"}],"predecessor-version":[{"id":89957,"href":"https:\/\/eldiariodesanpedro.com.ar\/sitio\/wp-json\/wp\/v2\/posts\/89955\/revisions\/89957"}],"wp:featuredmedia":[{"embeddable":true,"href":"https:\/\/eldiariodesanpedro.com.ar\/sitio\/wp-json\/wp\/v2\/media\/89956"}],"wp:attachment":[{"href":"https:\/\/eldiariodesanpedro.com.ar\/sitio\/wp-json\/wp\/v2\/media?parent=89955"}],"wp:term":[{"taxonomy":"category","embeddable":true,"href":"https:\/\/eldiariodesanpedro.com.ar\/sitio\/wp-json\/wp\/v2\/categories?post=89955"},{"taxonomy":"post_tag","embeddable":true,"href":"https:\/\/eldiariodesanpedro.com.ar\/sitio\/wp-json\/wp\/v2\/tags?post=89955"}],"curies":[{"name":"wp","href":"https:\/\/api.w.org\/{rel}","templated":true}]}}