{"id":89952,"date":"2021-03-29T11:58:41","date_gmt":"2021-03-29T14:58:41","guid":{"rendered":"https:\/\/eldiariodesanpedro.com.ar\/sitio\/?p=89952"},"modified":"2021-03-29T11:58:51","modified_gmt":"2021-03-29T14:58:51","slug":"ramallo-en-dos-semanas-ramallo-duplico-los-infectados-con-coronavirus","status":"publish","type":"post","link":"https:\/\/eldiariodesanpedro.com.ar\/sitio\/ramallo-en-dos-semanas-ramallo-duplico-los-infectados-con-coronavirus\/","title":{"rendered":"RAMALLO | En dos semanas Ramallo duplic\u00f3 los infectados con coronavirus"},"content":{"rendered":"<!-- VideographyWP Plugin Message: Automatic video embedding prevented by plugin options. -->\n\n<p>En sinton\u00eda con el ritmo que van marcando Provincia y Naci\u00f3n, en nuestro distrito la cantidad de personas contagiadas con covid subi\u00f3 considerablemente en los \u00faltimos d\u00edas: El 9 y 10 de marzo ten\u00edamos 22 y 26 casos respectivamente; ayer se informaron 46 activos. Para encontrar valores parecidos, hay que retroceder dos meses hasta el 23 y 24 de enero cuando se informaron 51 y 45 activos respectivamente; a partir de ah\u00ed la curva comenz\u00f3 a descender. Adem\u00e1s, en las \u00faltimas 72 horas hubo 25 casos positivos.<\/p>\n\n\n\n<p> Fuente: Placa Municipalidad de Ramallo<\/p>\n\n\n\n<p><\/p>\n","protected":false},"excerpt":{"rendered":"<p>En sinton\u00eda con el ritmo que van marcando Provincia y Naci\u00f3n, en nuestro distrito la cantidad de personas contagiadas con covid subi\u00f3 considerablemente en los \u00faltimos d\u00edas: El 9 y 10 de marzo ten\u00edamos 22 y 26 casos respectivamente; ayer se informaron 46 activos. Para encontrar valores parecidos, hay que retroceder dos meses hasta el [&hellip;]<\/p>\n","protected":false},"author":4,"featured_media":89953,"comment_status":"open","ping_status":"closed","sticky":false,"template":"","format":"standard","meta":{"om_disable_all_campaigns":false,"_jetpack_memberships_contains_paid_content":false,"footnotes":""},"categories":[621],"tags":[],"class_list":["post-89952","post","type-post","status-publish","format-standard","has-post-thumbnail","hentry","category-regionales"],"aioseo_notices":[],"gutentor_comment":0,"jetpack_featured_media_url":"https:\/\/eldiariodesanpedro.com.ar\/sitio\/wp-content\/uploads\/2021\/03\/16168501860.jpg","jetpack_shortlink":"https:\/\/wp.me\/p6RhLt-noQ","jetpack_sharing_enabled":true,"_links":{"self":[{"href":"https:\/\/eldiariodesanpedro.com.ar\/sitio\/wp-json\/wp\/v2\/posts\/89952","targetHints":{"allow":["GET"]}}],"collection":[{"href":"https:\/\/eldiariodesanpedro.com.ar\/sitio\/wp-json\/wp\/v2\/posts"}],"about":[{"href":"https:\/\/eldiariodesanpedro.com.ar\/sitio\/wp-json\/wp\/v2\/types\/post"}],"author":[{"embeddable":true,"href":"https:\/\/eldiariodesanpedro.com.ar\/sitio\/wp-json\/wp\/v2\/users\/4"}],"replies":[{"embeddable":true,"href":"https:\/\/eldiariodesanpedro.com.ar\/sitio\/wp-json\/wp\/v2\/comments?post=89952"}],"version-history":[{"count":1,"href":"https:\/\/eldiariodesanpedro.com.ar\/sitio\/wp-json\/wp\/v2\/posts\/89952\/revisions"}],"predecessor-version":[{"id":89954,"href":"https:\/\/eldiariodesanpedro.com.ar\/sitio\/wp-json\/wp\/v2\/posts\/89952\/revisions\/89954"}],"wp:featuredmedia":[{"embeddable":true,"href":"https:\/\/eldiariodesanpedro.com.ar\/sitio\/wp-json\/wp\/v2\/media\/89953"}],"wp:attachment":[{"href":"https:\/\/eldiariodesanpedro.com.ar\/sitio\/wp-json\/wp\/v2\/media?parent=89952"}],"wp:term":[{"taxonomy":"category","embeddable":true,"href":"https:\/\/eldiariodesanpedro.com.ar\/sitio\/wp-json\/wp\/v2\/categories?post=89952"},{"taxonomy":"post_tag","embeddable":true,"href":"https:\/\/eldiariodesanpedro.com.ar\/sitio\/wp-json\/wp\/v2\/tags?post=89952"}],"curies":[{"name":"wp","href":"https:\/\/api.w.org\/{rel}","templated":true}]}}