{"id":89940,"date":"2021-03-29T11:31:51","date_gmt":"2021-03-29T14:31:51","guid":{"rendered":"https:\/\/eldiariodesanpedro.com.ar\/sitio\/?p=89940"},"modified":"2021-03-29T11:31:56","modified_gmt":"2021-03-29T14:31:56","slug":"vacunacion-de-mascotas-en-villa-igoillo","status":"publish","type":"post","link":"https:\/\/eldiariodesanpedro.com.ar\/sitio\/vacunacion-de-mascotas-en-villa-igoillo\/","title":{"rendered":"Vacunaci\u00f3n de mascotas en Villa Igoillo"},"content":{"rendered":"<!-- VideographyWP Plugin Message: Automatic video embedding prevented by plugin options. -->\n\n<p>El Departamento Canino informa que continuando con la campa\u00f1a de vacunaci\u00f3n para perros y gatos, este mi\u00e9rcoles 31 de marzo se instalar\u00e1 un equipo del \u00e1rea en la sala de Villa Igoillo.<\/p>\n\n\n\n<p>Se invita a quienes deseen acercar sus mascotas a hacerlo entre las 8.30 y 12.30.<\/p>\n\n\n\n<p>Departamento Canino<br>Secretar\u00eda de Salud<br>Municipalidad de San Pedro<\/p>\n","protected":false},"excerpt":{"rendered":"<p>El Departamento Canino informa que continuando con la campa\u00f1a de vacunaci\u00f3n para perros y gatos, este mi\u00e9rcoles 31 de marzo se instalar\u00e1 un equipo del \u00e1rea en la sala de Villa Igoillo. Se invita a quienes deseen acercar sus mascotas a hacerlo entre las 8.30 y 12.30. Departamento CaninoSecretar\u00eda de SaludMunicipalidad de San Pedro<\/p>\n","protected":false},"author":4,"featured_media":89941,"comment_status":"open","ping_status":"closed","sticky":false,"template":"","format":"standard","meta":{"om_disable_all_campaigns":false,"_jetpack_memberships_contains_paid_content":false,"footnotes":""},"categories":[101,2],"tags":[],"class_list":["post-89940","post","type-post","status-publish","format-standard","has-post-thumbnail","hentry","category-interes-general-locales","category-locales"],"aioseo_notices":[],"gutentor_comment":0,"jetpack_featured_media_url":"https:\/\/eldiariodesanpedro.com.ar\/sitio\/wp-content\/uploads\/2021\/03\/WhatsApp-Image-2021-03-29-at-11.29.27.jpeg","jetpack_shortlink":"https:\/\/wp.me\/p6RhLt-noE","jetpack_sharing_enabled":true,"_links":{"self":[{"href":"https:\/\/eldiariodesanpedro.com.ar\/sitio\/wp-json\/wp\/v2\/posts\/89940","targetHints":{"allow":["GET"]}}],"collection":[{"href":"https:\/\/eldiariodesanpedro.com.ar\/sitio\/wp-json\/wp\/v2\/posts"}],"about":[{"href":"https:\/\/eldiariodesanpedro.com.ar\/sitio\/wp-json\/wp\/v2\/types\/post"}],"author":[{"embeddable":true,"href":"https:\/\/eldiariodesanpedro.com.ar\/sitio\/wp-json\/wp\/v2\/users\/4"}],"replies":[{"embeddable":true,"href":"https:\/\/eldiariodesanpedro.com.ar\/sitio\/wp-json\/wp\/v2\/comments?post=89940"}],"version-history":[{"count":1,"href":"https:\/\/eldiariodesanpedro.com.ar\/sitio\/wp-json\/wp\/v2\/posts\/89940\/revisions"}],"predecessor-version":[{"id":89942,"href":"https:\/\/eldiariodesanpedro.com.ar\/sitio\/wp-json\/wp\/v2\/posts\/89940\/revisions\/89942"}],"wp:featuredmedia":[{"embeddable":true,"href":"https:\/\/eldiariodesanpedro.com.ar\/sitio\/wp-json\/wp\/v2\/media\/89941"}],"wp:attachment":[{"href":"https:\/\/eldiariodesanpedro.com.ar\/sitio\/wp-json\/wp\/v2\/media?parent=89940"}],"wp:term":[{"taxonomy":"category","embeddable":true,"href":"https:\/\/eldiariodesanpedro.com.ar\/sitio\/wp-json\/wp\/v2\/categories?post=89940"},{"taxonomy":"post_tag","embeddable":true,"href":"https:\/\/eldiariodesanpedro.com.ar\/sitio\/wp-json\/wp\/v2\/tags?post=89940"}],"curies":[{"name":"wp","href":"https:\/\/api.w.org\/{rel}","templated":true}]}}