{"id":89937,"date":"2021-03-29T11:21:02","date_gmt":"2021-03-29T14:21:02","guid":{"rendered":"https:\/\/eldiariodesanpedro.com.ar\/sitio\/?p=89937"},"modified":"2021-03-29T11:21:06","modified_gmt":"2021-03-29T14:21:06","slug":"nuevo-coordinador-del-centro-de-salud-de-rio-tala","status":"publish","type":"post","link":"https:\/\/eldiariodesanpedro.com.ar\/sitio\/nuevo-coordinador-del-centro-de-salud-de-rio-tala\/","title":{"rendered":"Nuevo coordinador del Centro de Salud de R\u00edo Tala"},"content":{"rendered":"<!-- VideographyWP Plugin Message: Automatic video embedding prevented by plugin options. -->\n\n<p>El Secretario de Salud Dr. Daniel Creus y la delegada municipal de la localidad Ana Lucchesi acompa\u00f1aron esta ma\u00f1ana al Dr. Osvaldo Espinoza en su presentaci\u00f3n como coordinador del Centro de Salud de R\u00edo Tala.<\/p>\n\n\n\n<p>En el encuentro estuvo presente tambi\u00e9n la Sra. Susana Ortiz del equipo de la Secretar\u00eda de Salud, sumando un nuevo punto de referencia para la red que se ha comenzado a conformar desde el \u00e1rea, con la intenci\u00f3n de contar con referentes que trabajen de manera articulada en todos los espacios que tienen v\u00ednculo con la salud p\u00fablica del Partido.<\/p>\n\n\n\n<p>El Dr. Espinoza ven\u00eda desempe\u00f1\u00e1ndose en los consultorios amarillos y cuenta con una importante experiencia en emergentolog\u00eda y cl\u00ednica m\u00e9dica, fortaleciendo con su presencia el trabajo que se requiere en R\u00edo Tala y toda su zona de influencia.<\/p>\n\n\n\n<p>Adem\u00e1s del Dr. Carlos Guti\u00e9rrez quien est\u00e1 a cargo desde hace pocas semanas en el Hospital de Santa Luc\u00eda, la Dra. Daniela Alves que hace lo propio en Gobernador Castro, la coordinaci\u00f3n del Dr. Gabriel Sayago en consultorio amarillo y centros de salud y la Dra. Silvana Morales como nexo entre la Secretar\u00eda y el \u00e1rea educativa conforman este grupo de trabajo que se seguir\u00e1 ampliando para la implementaci\u00f3n de una pol\u00edtica integral en todo el distrito atendiendo las contingencias planteadas por la Pandemia de Covid-19 y las acciones de prevenci\u00f3n y contenci\u00f3n necesarias.<\/p>\n","protected":false},"excerpt":{"rendered":"<p>El Secretario de Salud Dr. Daniel Creus y la delegada municipal de la localidad Ana Lucchesi acompa\u00f1aron esta ma\u00f1ana al Dr. Osvaldo Espinoza en su presentaci\u00f3n como coordinador del Centro de Salud de R\u00edo Tala. En el encuentro estuvo presente tambi\u00e9n la Sra. Susana Ortiz del equipo de la Secretar\u00eda de Salud, sumando un nuevo [&hellip;]<\/p>\n","protected":false},"author":4,"featured_media":89938,"comment_status":"open","ping_status":"closed","sticky":false,"template":"","format":"standard","meta":{"om_disable_all_campaigns":false,"_jetpack_memberships_contains_paid_content":false,"footnotes":""},"categories":[50,101,2],"tags":[],"class_list":["post-89937","post","type-post","status-publish","format-standard","has-post-thumbnail","hentry","category-destacadas","category-interes-general-locales","category-locales"],"aioseo_notices":[],"gutentor_comment":0,"jetpack_featured_media_url":"https:\/\/eldiariodesanpedro.com.ar\/sitio\/wp-content\/uploads\/2021\/03\/WhatsApp-Image-2021-03-29-at-11.09.37.jpeg","jetpack_shortlink":"https:\/\/wp.me\/p6RhLt-noB","jetpack_sharing_enabled":true,"_links":{"self":[{"href":"https:\/\/eldiariodesanpedro.com.ar\/sitio\/wp-json\/wp\/v2\/posts\/89937","targetHints":{"allow":["GET"]}}],"collection":[{"href":"https:\/\/eldiariodesanpedro.com.ar\/sitio\/wp-json\/wp\/v2\/posts"}],"about":[{"href":"https:\/\/eldiariodesanpedro.com.ar\/sitio\/wp-json\/wp\/v2\/types\/post"}],"author":[{"embeddable":true,"href":"https:\/\/eldiariodesanpedro.com.ar\/sitio\/wp-json\/wp\/v2\/users\/4"}],"replies":[{"embeddable":true,"href":"https:\/\/eldiariodesanpedro.com.ar\/sitio\/wp-json\/wp\/v2\/comments?post=89937"}],"version-history":[{"count":1,"href":"https:\/\/eldiariodesanpedro.com.ar\/sitio\/wp-json\/wp\/v2\/posts\/89937\/revisions"}],"predecessor-version":[{"id":89939,"href":"https:\/\/eldiariodesanpedro.com.ar\/sitio\/wp-json\/wp\/v2\/posts\/89937\/revisions\/89939"}],"wp:featuredmedia":[{"embeddable":true,"href":"https:\/\/eldiariodesanpedro.com.ar\/sitio\/wp-json\/wp\/v2\/media\/89938"}],"wp:attachment":[{"href":"https:\/\/eldiariodesanpedro.com.ar\/sitio\/wp-json\/wp\/v2\/media?parent=89937"}],"wp:term":[{"taxonomy":"category","embeddable":true,"href":"https:\/\/eldiariodesanpedro.com.ar\/sitio\/wp-json\/wp\/v2\/categories?post=89937"},{"taxonomy":"post_tag","embeddable":true,"href":"https:\/\/eldiariodesanpedro.com.ar\/sitio\/wp-json\/wp\/v2\/tags?post=89937"}],"curies":[{"name":"wp","href":"https:\/\/api.w.org\/{rel}","templated":true}]}}