{"id":89934,"date":"2021-03-29T11:18:20","date_gmt":"2021-03-29T14:18:20","guid":{"rendered":"https:\/\/eldiariodesanpedro.com.ar\/sitio\/?p=89934"},"modified":"2021-03-29T11:18:26","modified_gmt":"2021-03-29T14:18:26","slug":"movil-policial-danado-por-un-piedrazo","status":"publish","type":"post","link":"https:\/\/eldiariodesanpedro.com.ar\/sitio\/movil-policial-danado-por-un-piedrazo\/","title":{"rendered":"M\u00f3vil policial da\u00f1ado por un piedrazo"},"content":{"rendered":"<!-- VideographyWP Plugin Message: Automatic video embedding prevented by plugin options. -->\n\n<p>Este domingo ocurri\u00f3 un conflicto vecinal donde se hizo presente un m\u00f3vil policial para evitar incidentes y fue da\u00f1ado a piedrazos.<\/p>\n\n\n\n<p>Anoche a ra\u00edz de un llamado a 911 el personal policial acude a conflicto vecinal a Manuel Iglesias al 1600 momentos cuando circulaban por dicha calle al llegar altura 1700, momentos en que reciben impacto elemento contundente en luneta trasera&nbsp; del m\u00f3vil, provocando estallido del cristal, no pudiendo lograr observar agresor, personal uniformado ileso, m\u00f3vil continuo en funci\u00f3n, inter. UFI N\u00b0 05,&nbsp; &nbsp;<\/p>\n","protected":false},"excerpt":{"rendered":"<p>Este domingo ocurri\u00f3 un conflicto vecinal donde se hizo presente un m\u00f3vil policial para evitar incidentes y fue da\u00f1ado a piedrazos. Anoche a ra\u00edz de un llamado a 911 el personal policial acude a conflicto vecinal a Manuel Iglesias al 1600 momentos cuando circulaban por dicha calle al llegar altura 1700, momentos en que reciben [&hellip;]<\/p>\n","protected":false},"author":4,"featured_media":89935,"comment_status":"open","ping_status":"closed","sticky":false,"template":"","format":"standard","meta":{"om_disable_all_campaigns":false,"_jetpack_memberships_contains_paid_content":false,"footnotes":""},"categories":[2,103],"tags":[],"class_list":["post-89934","post","type-post","status-publish","format-standard","has-post-thumbnail","hentry","category-locales","category-policiales-locales"],"aioseo_notices":[],"gutentor_comment":0,"jetpack_featured_media_url":"https:\/\/eldiariodesanpedro.com.ar\/sitio\/wp-content\/uploads\/2021\/03\/WhatsApp-Image-2021-03-29-at-10.29.59.jpeg","jetpack_shortlink":"https:\/\/wp.me\/p6RhLt-noy","jetpack_sharing_enabled":true,"_links":{"self":[{"href":"https:\/\/eldiariodesanpedro.com.ar\/sitio\/wp-json\/wp\/v2\/posts\/89934","targetHints":{"allow":["GET"]}}],"collection":[{"href":"https:\/\/eldiariodesanpedro.com.ar\/sitio\/wp-json\/wp\/v2\/posts"}],"about":[{"href":"https:\/\/eldiariodesanpedro.com.ar\/sitio\/wp-json\/wp\/v2\/types\/post"}],"author":[{"embeddable":true,"href":"https:\/\/eldiariodesanpedro.com.ar\/sitio\/wp-json\/wp\/v2\/users\/4"}],"replies":[{"embeddable":true,"href":"https:\/\/eldiariodesanpedro.com.ar\/sitio\/wp-json\/wp\/v2\/comments?post=89934"}],"version-history":[{"count":1,"href":"https:\/\/eldiariodesanpedro.com.ar\/sitio\/wp-json\/wp\/v2\/posts\/89934\/revisions"}],"predecessor-version":[{"id":89936,"href":"https:\/\/eldiariodesanpedro.com.ar\/sitio\/wp-json\/wp\/v2\/posts\/89934\/revisions\/89936"}],"wp:featuredmedia":[{"embeddable":true,"href":"https:\/\/eldiariodesanpedro.com.ar\/sitio\/wp-json\/wp\/v2\/media\/89935"}],"wp:attachment":[{"href":"https:\/\/eldiariodesanpedro.com.ar\/sitio\/wp-json\/wp\/v2\/media?parent=89934"}],"wp:term":[{"taxonomy":"category","embeddable":true,"href":"https:\/\/eldiariodesanpedro.com.ar\/sitio\/wp-json\/wp\/v2\/categories?post=89934"},{"taxonomy":"post_tag","embeddable":true,"href":"https:\/\/eldiariodesanpedro.com.ar\/sitio\/wp-json\/wp\/v2\/tags?post=89934"}],"curies":[{"name":"wp","href":"https:\/\/api.w.org\/{rel}","templated":true}]}}