{"id":89932,"date":"2021-03-29T10:34:30","date_gmt":"2021-03-29T13:34:30","guid":{"rendered":"https:\/\/eldiariodesanpedro.com.ar\/sitio\/?p=89932"},"modified":"2021-03-29T10:34:34","modified_gmt":"2021-03-29T13:34:34","slug":"conflicto-vecinal-en-el-barrio-fonavi","status":"publish","type":"post","link":"https:\/\/eldiariodesanpedro.com.ar\/sitio\/conflicto-vecinal-en-el-barrio-fonavi\/","title":{"rendered":"Conflicto vecinal en el barrio Fonavi"},"content":{"rendered":"<!-- VideographyWP Plugin Message: Automatic video embedding prevented by plugin options. -->\n\n<p>Anoche el personal policial, acude conflicto vecinal Fonavi 01 Belgrano al 2100, lugar all\u00ed se detiene a masculino de 34 a\u00f1os secuestrando su poder arma blanca tipo cuchilla, cual es utilizado para intentar agredir a v\u00edctima masculino de 29 a\u00f1os y efectivos policiales, ambos ilesos, constatando agresor momentos antes provoc\u00f3 da\u00f1os en tapial chicho vivienda de v\u00edctima, intervino la UFI 05.<\/p>\n","protected":false},"excerpt":{"rendered":"<p>Anoche el personal policial, acude conflicto vecinal Fonavi 01 Belgrano al 2100, lugar all\u00ed se detiene a masculino de 34 a\u00f1os secuestrando su poder arma blanca tipo cuchilla, cual es utilizado para intentar agredir a v\u00edctima masculino de 29 a\u00f1os y efectivos policiales, ambos ilesos, constatando agresor momentos antes provoc\u00f3 da\u00f1os en tapial chicho vivienda [&hellip;]<\/p>\n","protected":false},"author":4,"featured_media":77561,"comment_status":"open","ping_status":"closed","sticky":false,"template":"","format":"standard","meta":{"om_disable_all_campaigns":false,"_jetpack_memberships_contains_paid_content":false,"footnotes":""},"categories":[2,103],"tags":[],"class_list":["post-89932","post","type-post","status-publish","format-standard","has-post-thumbnail","hentry","category-locales","category-policiales-locales"],"aioseo_notices":[],"gutentor_comment":0,"jetpack_featured_media_url":"https:\/\/eldiariodesanpedro.com.ar\/sitio\/wp-content\/uploads\/2020\/07\/20200709072134.jpg","jetpack_shortlink":"https:\/\/wp.me\/p6RhLt-now","jetpack_sharing_enabled":true,"_links":{"self":[{"href":"https:\/\/eldiariodesanpedro.com.ar\/sitio\/wp-json\/wp\/v2\/posts\/89932","targetHints":{"allow":["GET"]}}],"collection":[{"href":"https:\/\/eldiariodesanpedro.com.ar\/sitio\/wp-json\/wp\/v2\/posts"}],"about":[{"href":"https:\/\/eldiariodesanpedro.com.ar\/sitio\/wp-json\/wp\/v2\/types\/post"}],"author":[{"embeddable":true,"href":"https:\/\/eldiariodesanpedro.com.ar\/sitio\/wp-json\/wp\/v2\/users\/4"}],"replies":[{"embeddable":true,"href":"https:\/\/eldiariodesanpedro.com.ar\/sitio\/wp-json\/wp\/v2\/comments?post=89932"}],"version-history":[{"count":1,"href":"https:\/\/eldiariodesanpedro.com.ar\/sitio\/wp-json\/wp\/v2\/posts\/89932\/revisions"}],"predecessor-version":[{"id":89933,"href":"https:\/\/eldiariodesanpedro.com.ar\/sitio\/wp-json\/wp\/v2\/posts\/89932\/revisions\/89933"}],"wp:featuredmedia":[{"embeddable":true,"href":"https:\/\/eldiariodesanpedro.com.ar\/sitio\/wp-json\/wp\/v2\/media\/77561"}],"wp:attachment":[{"href":"https:\/\/eldiariodesanpedro.com.ar\/sitio\/wp-json\/wp\/v2\/media?parent=89932"}],"wp:term":[{"taxonomy":"category","embeddable":true,"href":"https:\/\/eldiariodesanpedro.com.ar\/sitio\/wp-json\/wp\/v2\/categories?post=89932"},{"taxonomy":"post_tag","embeddable":true,"href":"https:\/\/eldiariodesanpedro.com.ar\/sitio\/wp-json\/wp\/v2\/tags?post=89932"}],"curies":[{"name":"wp","href":"https:\/\/api.w.org\/{rel}","templated":true}]}}