{"id":89929,"date":"2021-03-29T10:27:38","date_gmt":"2021-03-29T13:27:38","guid":{"rendered":"https:\/\/eldiariodesanpedro.com.ar\/sitio\/?p=89929"},"modified":"2021-03-29T10:27:42","modified_gmt":"2021-03-29T13:27:42","slug":"el-gobierno-bonaerense-adelanto-que-prepara-nuevas-medidas-restrictivas-junto-a-los-intendentes","status":"publish","type":"post","link":"https:\/\/eldiariodesanpedro.com.ar\/sitio\/el-gobierno-bonaerense-adelanto-que-prepara-nuevas-medidas-restrictivas-junto-a-los-intendentes\/","title":{"rendered":"El Gobierno bonaerense adelant\u00f3 que prepara nuevas medidas restrictivas junto a los intendentes"},"content":{"rendered":"<!-- VideographyWP Plugin Message: Automatic video embedding prevented by plugin options. -->\n\n<p>El viceministro de Salud provincial, Nicol\u00e1s Kreplak, confirm\u00f3 que en la semana se har\u00e1n anuncios que apuntan a reducir la circulaci\u00f3n.<\/p>\n\n\n\n<p>Luego de que Naci\u00f3n anunciara&nbsp;nuevas medidas para enfrentar la segunda ola de COVID-19, el&nbsp;Gobierno de la provincia de Buenos Aires&nbsp;adelant\u00f3 que en los pr\u00f3ximos d\u00edas se informaran nuevas medidas restrictivas que se est\u00e1n consensuando entre el Poder Ejecutivo bonaerense, intendentes y cient\u00edficos.<\/p>\n\n\n\n<p>El camino que adoptar\u00e1 la administraci\u00f3n de&nbsp;Axel Kicillof&nbsp;frente al aumento de contagios lo traz\u00f3 el viceministro de Salud,&nbsp;Nicol\u00e1s Kreplak.&nbsp;El funcionario provincial advirti\u00f3 que \u201cestamos en la segunda ola\u201d, e inform\u00f3 con preocupaci\u00f3n que \u201cen los \u00faltimos cuatro d\u00edas hubo un incremento muy veloz de casos\u201d.&nbsp;\u201cTenemos 3257 casos de coronavirus en la provincia, un 100% m\u00e1s en relaci\u00f3n al domingo pasado\u201d, grafic\u00f3.<\/p>\n\n\n\n<p>En di\u00e1logo con&nbsp;Cr\u00f3nica TV, mostr\u00f3 conformidad con respecto a las medidas anunciadas este domingo por el jefe de Gabinete, Santiago Cafiero, y la ministra de Salud de la Naci\u00f3n, Carla Vizzotti. En efecto, tras una reuni\u00f3n de dos horas con&nbsp;Alberto Fern\u00e1ndez, los funcionarios informaron que la administraci\u00f3n p\u00fablica nacional quedar\u00e1 eximida de presencialidad desde este lunes 29 de marzo hasta el mi\u00e9rcoles 31, y se inst\u00f3 a los otros poderes del Estado y el sector privado a tomar la misma medida para reducir la circulaci\u00f3n de la gente en las calles, sobre todo en la previa de Semana Santa, fecha que preocupa al Gobierno porque suele ser un momento del a\u00f1o en que la gente viaja mucho y realiza actividades recreativas debido a los feriados.<\/p>\n\n\n\n<p>En la misma sinton\u00eda, Kreplak expres\u00f3 que&nbsp;\u201ctenemos que empezar a pensar que estamos volviendo a vivir, como a todos los pa\u00edses les toc\u00f3, una nueva ola\u201d.&nbsp;El segundo de&nbsp;Daniel Gollan&nbsp;busc\u00f3 concientizar a la poblaci\u00f3n haciendo hincapi\u00e9 en la responsabilidad individual para cuidarse como un elemento para favorecer la campa\u00f1a de vacunaci\u00f3n: \u201cCada d\u00eda que ganemos va a ser un d\u00eda que vacunemos m\u00e1s gente\u201d.<\/p>\n\n\n\n<p>\u201cEs muy bueno alentar de nuevo el teletrabajo, hay que reducir las actividades que no sean esenciales\u201d, remarc\u00f3 el viceministro, quien insisti\u00f3 que&nbsp;\u201cvolvemos a un momento en el cual es mejor quedarse en casa\u201d.&nbsp;\u201cHay que volver a cuidarnos porque tenemos la vacunaci\u00f3n por delante\u201d, enfatiz\u00f3.<\/p>\n\n\n\n<p>Pese a la lentitud con la que avanza la campa\u00f1a de inmunizaci\u00f3n, Kreplak dijo que&nbsp;\u201cest\u00e1 empezando a notarse una reducci\u00f3n en la letalidad\u201d.&nbsp;\u201cHay que esforzarse, cuidarse y no ir a lugares que no sean indispensables\u201d, agreg\u00f3.<\/p>\n\n\n\n<p>Consultado sobre si la Provincia analiza nuevas restricciones, el funcionario de Axel Kicillof respondi\u00f3:&nbsp;\u201cSeguramente el martes podamos anunciar algunas medidas, pero no tenemos definidas cu\u00e1les\u201d.&nbsp;En ese sentido adelant\u00f3 que saldr\u00e1n del consenso con intendentes y cient\u00edficos.<\/p>\n\n\n\n<p>Tanto por las determinaciones que se tomen en territorio bonaerense, como las que decrete Naci\u00f3n, aclar\u00f3 que \u201cninguna cosa est\u00e1 escrita en piedra, todas las decisiones pueden ser revisadas\u201d. Al respecto justific\u00f3 que al ser la pandemia \u201cdin\u00e1mica\u201d, \u201csi hay que retroceder no es una derrota, no nos confundimos, hay que ir dialogando y poder vivir\u201d.<\/p>\n\n\n\n<p>El viceministro de Salud provincial sent\u00f3 las bases del combate del COVID-19, que diferenci\u00f3 del 2020:&nbsp;\u201cNuestro objetivo no es tener la menor cantidad de casos, sino que no afecten a las personas que tienen m\u00e1s riesgo de letalidad\u201d.&nbsp;\u201cQuiz\u00e1s tengamos muchos casos, pero que no est\u00e9n afectando a los que m\u00e1s riesgo tienen\u201d, explic\u00f3 y plante\u00f3 que \u201csi seguimos vacunando a este ritmo, seguramente podamos reducir mucho m\u00e1s la letalidad\u201d.<\/p>\n\n\n\n<p>Este domingo Kreplak utiliz\u00f3 sus redes sociales para concientizar a la poblaci\u00f3n. \u201cEl virus avanza muy r\u00e1pido\u201d, advirti\u00f3 en su cuenta de Twitter, sugiriendo salir \u201csolo cuando sea indispensable\u201d. \u201cAl hacerlo, reforz\u00e1 los cuidados aprendidos durante todo este tiempo\u201d, reclam\u00f3.<\/p>\n\n\n\n<p>Fuente: Infobae<\/p>\n","protected":false},"excerpt":{"rendered":"<p>El viceministro de Salud provincial, Nicol\u00e1s Kreplak, confirm\u00f3 que en la semana se har\u00e1n anuncios que apuntan a reducir la circulaci\u00f3n. Luego de que Naci\u00f3n anunciara&nbsp;nuevas medidas para enfrentar la segunda ola de COVID-19, el&nbsp;Gobierno de la provincia de Buenos Aires&nbsp;adelant\u00f3 que en los pr\u00f3ximos d\u00edas se informaran nuevas medidas restrictivas que se est\u00e1n consensuando [&hellip;]<\/p>\n","protected":false},"author":4,"featured_media":89930,"comment_status":"open","ping_status":"closed","sticky":false,"template":"","format":"standard","meta":{"om_disable_all_campaigns":false,"_jetpack_memberships_contains_paid_content":false,"footnotes":""},"categories":[621],"tags":[],"class_list":["post-89929","post","type-post","status-publish","format-standard","has-post-thumbnail","hentry","category-regionales"],"aioseo_notices":[],"gutentor_comment":0,"jetpack_featured_media_url":"https:\/\/eldiariodesanpedro.com.ar\/sitio\/wp-content\/uploads\/2021\/03\/000090729.jpg","jetpack_shortlink":"https:\/\/wp.me\/p6RhLt-not","jetpack_sharing_enabled":true,"_links":{"self":[{"href":"https:\/\/eldiariodesanpedro.com.ar\/sitio\/wp-json\/wp\/v2\/posts\/89929","targetHints":{"allow":["GET"]}}],"collection":[{"href":"https:\/\/eldiariodesanpedro.com.ar\/sitio\/wp-json\/wp\/v2\/posts"}],"about":[{"href":"https:\/\/eldiariodesanpedro.com.ar\/sitio\/wp-json\/wp\/v2\/types\/post"}],"author":[{"embeddable":true,"href":"https:\/\/eldiariodesanpedro.com.ar\/sitio\/wp-json\/wp\/v2\/users\/4"}],"replies":[{"embeddable":true,"href":"https:\/\/eldiariodesanpedro.com.ar\/sitio\/wp-json\/wp\/v2\/comments?post=89929"}],"version-history":[{"count":1,"href":"https:\/\/eldiariodesanpedro.com.ar\/sitio\/wp-json\/wp\/v2\/posts\/89929\/revisions"}],"predecessor-version":[{"id":89931,"href":"https:\/\/eldiariodesanpedro.com.ar\/sitio\/wp-json\/wp\/v2\/posts\/89929\/revisions\/89931"}],"wp:featuredmedia":[{"embeddable":true,"href":"https:\/\/eldiariodesanpedro.com.ar\/sitio\/wp-json\/wp\/v2\/media\/89930"}],"wp:attachment":[{"href":"https:\/\/eldiariodesanpedro.com.ar\/sitio\/wp-json\/wp\/v2\/media?parent=89929"}],"wp:term":[{"taxonomy":"category","embeddable":true,"href":"https:\/\/eldiariodesanpedro.com.ar\/sitio\/wp-json\/wp\/v2\/categories?post=89929"},{"taxonomy":"post_tag","embeddable":true,"href":"https:\/\/eldiariodesanpedro.com.ar\/sitio\/wp-json\/wp\/v2\/tags?post=89929"}],"curies":[{"name":"wp","href":"https:\/\/api.w.org\/{rel}","templated":true}]}}