{"id":89926,"date":"2021-03-29T10:25:21","date_gmt":"2021-03-29T13:25:21","guid":{"rendered":"https:\/\/eldiariodesanpedro.com.ar\/sitio\/?p=89926"},"modified":"2021-03-29T10:25:26","modified_gmt":"2021-03-29T13:25:26","slug":"hecho-de-abigeato-esclarecido-por-la-policia-rural","status":"publish","type":"post","link":"https:\/\/eldiariodesanpedro.com.ar\/sitio\/hecho-de-abigeato-esclarecido-por-la-policia-rural\/","title":{"rendered":"Hecho de abigeato esclarecido por la polic\u00eda rural"},"content":{"rendered":"<!-- VideographyWP Plugin Message: Automatic video embedding prevented by plugin options. -->\n\n<p>Personal del CPR San Pedro realiz\u00f3 dos allanamientos donde pudo esclarecer un hecho de abigeato acontecido d\u00edas atr\u00e1s en un establecimiento de R\u00edo Tala.<\/p>\n\n\n\n<p>Durante la jornada del s\u00e1bado personal del Comando de Prevenci\u00f3n Rural San Pedro encabez\u00f3 un operativo vinculado a un hecho originado el pasado viernes 26 de marzo en una propiedad ubicada en jurisdicci\u00f3n de R\u00edo Tala.<\/p>\n\n\n\n<p>El il\u00edcito fue denunciado por la familia Maidana, quien dej\u00f3 asentado que les hab\u00edan sustra\u00eddo una vaca careta colorada de 600 kilogramos.<\/p>\n\n\n\n<p>Fueron dos los allanamientos ordenados por el fiscal Marcelo Manso y en los domicilios requisados, ambos ubicados a la altura de la calle Lavalle al 200 de R\u00edo Tala, se lograron secuestrar elementos relacionados con el hecho, adem\u00e1s se incautar varias plantas de marihuana que dieron lugar a la apertura de otra causa.<\/p>\n\n\n\n<p>En uno de los domicilios se secuestraron 2&nbsp; cuchillos, 20 kilos de piezas c\u00e1rnicas irregulares de animal vacuno, una bolsa de arpillera con manchas hem\u00e1ticas y una soga. &nbsp;<\/p>\n\n\n\n<p>Desde la Ufi 5 se dispuso que se realicen las actuaciones de rigor, se inician actuaciones por infracci\u00f3n a ley 23.737 y que se notifique a ambos ocupantes de la casa del delito enmarcado en el art.60 del C.P.P.<\/p>\n","protected":false},"excerpt":{"rendered":"<p>Personal del CPR San Pedro realiz\u00f3 dos allanamientos donde pudo esclarecer un hecho de abigeato acontecido d\u00edas atr\u00e1s en un establecimiento de R\u00edo Tala. Durante la jornada del s\u00e1bado personal del Comando de Prevenci\u00f3n Rural San Pedro encabez\u00f3 un operativo vinculado a un hecho originado el pasado viernes 26 de marzo en una propiedad ubicada [&hellip;]<\/p>\n","protected":false},"author":4,"featured_media":89927,"comment_status":"open","ping_status":"closed","sticky":false,"template":"","format":"standard","meta":{"om_disable_all_campaigns":false,"_jetpack_memberships_contains_paid_content":false,"footnotes":""},"categories":[2,103],"tags":[],"class_list":["post-89926","post","type-post","status-publish","format-standard","has-post-thumbnail","hentry","category-locales","category-policiales-locales"],"aioseo_notices":[],"gutentor_comment":0,"jetpack_featured_media_url":"https:\/\/eldiariodesanpedro.com.ar\/sitio\/wp-content\/uploads\/2021\/03\/000090713.jpg","jetpack_shortlink":"https:\/\/wp.me\/p6RhLt-noq","jetpack_sharing_enabled":true,"_links":{"self":[{"href":"https:\/\/eldiariodesanpedro.com.ar\/sitio\/wp-json\/wp\/v2\/posts\/89926","targetHints":{"allow":["GET"]}}],"collection":[{"href":"https:\/\/eldiariodesanpedro.com.ar\/sitio\/wp-json\/wp\/v2\/posts"}],"about":[{"href":"https:\/\/eldiariodesanpedro.com.ar\/sitio\/wp-json\/wp\/v2\/types\/post"}],"author":[{"embeddable":true,"href":"https:\/\/eldiariodesanpedro.com.ar\/sitio\/wp-json\/wp\/v2\/users\/4"}],"replies":[{"embeddable":true,"href":"https:\/\/eldiariodesanpedro.com.ar\/sitio\/wp-json\/wp\/v2\/comments?post=89926"}],"version-history":[{"count":1,"href":"https:\/\/eldiariodesanpedro.com.ar\/sitio\/wp-json\/wp\/v2\/posts\/89926\/revisions"}],"predecessor-version":[{"id":89928,"href":"https:\/\/eldiariodesanpedro.com.ar\/sitio\/wp-json\/wp\/v2\/posts\/89926\/revisions\/89928"}],"wp:featuredmedia":[{"embeddable":true,"href":"https:\/\/eldiariodesanpedro.com.ar\/sitio\/wp-json\/wp\/v2\/media\/89927"}],"wp:attachment":[{"href":"https:\/\/eldiariodesanpedro.com.ar\/sitio\/wp-json\/wp\/v2\/media?parent=89926"}],"wp:term":[{"taxonomy":"category","embeddable":true,"href":"https:\/\/eldiariodesanpedro.com.ar\/sitio\/wp-json\/wp\/v2\/categories?post=89926"},{"taxonomy":"post_tag","embeddable":true,"href":"https:\/\/eldiariodesanpedro.com.ar\/sitio\/wp-json\/wp\/v2\/tags?post=89926"}],"curies":[{"name":"wp","href":"https:\/\/api.w.org\/{rel}","templated":true}]}}