{"id":89923,"date":"2021-03-29T10:21:16","date_gmt":"2021-03-29T13:21:16","guid":{"rendered":"https:\/\/eldiariodesanpedro.com.ar\/sitio\/?p=89923"},"modified":"2021-03-29T10:21:20","modified_gmt":"2021-03-29T13:21:20","slug":"por-orden-del-tribunal-la-comisaria-debera-respetar-el-cupo-de-presos-alojados-en-los-calabozos","status":"publish","type":"post","link":"https:\/\/eldiariodesanpedro.com.ar\/sitio\/por-orden-del-tribunal-la-comisaria-debera-respetar-el-cupo-de-presos-alojados-en-los-calabozos\/","title":{"rendered":"Por orden del Tribunal la Comisar\u00eda deber\u00e1 respetar el cupo de presos alojados en los calabozos"},"content":{"rendered":"<!-- VideographyWP Plugin Message: Automatic video embedding prevented by plugin options. -->\n\n<p>Mediante una presentaci\u00f3n efectuada semanas atr\u00e1s y que plantea la situaci\u00f3n de los detenidos en los calabozos de la Estacional Comunal de nuestra ciudad, una vez completado el cupo los presos deber\u00e1n ser enviados a otras dependencias de la regi\u00f3n. \u00a0<\/p>\n\n\n\n<p>Un habeas corpus ordenado por la Defensor\u00eda Oficial tras advertir el estado en el que se encuentran los calabozos de la mayor\u00eda de las Comisar\u00edas de la regi\u00f3n hizo que el Tribunal Criminal N\u00b0 2 de San Nicol\u00e1s ordenara distintas medidas que involucra a la dependencia de nuestra ciudad.<\/p>\n\n\n\n<p>La resoluci\u00f3n responsabiliza por completo al Ministerio de Seguridad Bonaerense quien deber\u00e1 resolver el tema de inmediato ya que las dependencias est\u00e1n desbordadas y genera un verdadero riesgo para quienes se encuentran alojados all\u00ed.<\/p>\n\n\n\n<p>Entre las Comisar\u00edas citadas se encuentra la de San Pedro quien al momento de una visita realizada por el Defensor Pablo Vaccani se encontraba con el cupo de detenidos excedido y oblig\u00f3 a una presentaci\u00f3n del letrado para que se tomen las correspondientes medidas.<\/p>\n\n\n\n<p>El Defensor Oficial sostuvo que \u201cen fecha 2 de marzo tom\u00f3 conocimiento de que hab\u00eda diecinueve personas alojadas en esa dependencia, y que al constatar los libros de detenidos se pudo verificar que hubo 101 mayores de edad y 14 menores detenidos durante el mes de enero; y 81 mayores y 5 menores en febrero, quintuplicando de esta manera el cupo establecido por el Tribunal\u201d.<\/p>\n\n\n\n<p>A la vez, con fecha del 5 de marzo la Comisar\u00eda present\u00f3 un informe en el que dej\u00f3 constancia de la presencia de 19 detenidos correspondiendo a causas penales con intervenci\u00f3n de la justicia ordinaria.<\/p>\n\n\n\n<p>Las autoridades policiales se\u00f1alaron que la reubicaci\u00f3n se pide diariamente y que ante la resoluci\u00f3n de detenci\u00f3n proceden a la ubicaci\u00f3n de los detenidos en la \u00fanica dependencia existente en la ciudad de San Pedro; y que tambi\u00e9n se comunica diariamente a los Juzgados de Garant\u00edas, la capacidad y cantidad de detenidos, como as\u00ed tambi\u00e9n que no salen muchas salidas a las Unidades Penitenciarias y que los pocos que se autorizan se demoran por cuestiones ajenas a su autoridad.<\/p>\n\n\n\n<p>Desde la Comisar\u00eda, el titular de la dependencia, Comisario Andr\u00e9s Galiano, inform\u00f3 el faltante de colchones y que \u201ca pesar de haberlos pedido a trav\u00e9s de la superioridad, no fueron recibidos, aclarando que no puede permitir el ingreso de colchones no ign\u00edfugos por una cuesti\u00f3n de seguridad\u201d, y que los detenidos se van turnando para dormir.<\/p>\n\n\n\n<p>El Comisario se\u00f1al\u00f3 que en la actualidad cuenta con un sector habilitado y dos sectores clausurados, que tienen detenidos con problemas de convivencia, y detenidos por delitos de \u00edndole sexual que motivan a que deban permanecer apartados del resto.<\/p>\n\n\n\n<p>El propio Galiano se\u00f1al\u00f3 que por las v\u00edas correspondientes se ha exigido la presencia del arquitecto de la polic\u00eda quien se aperson\u00f3 en el lugar y confeccion\u00f3 un informe del cual ellos no tuvieron vista pero que fue elevado al Tribunal donde tramit\u00f3 el h\u00e1beas corpus. El Comisario dej\u00f3 en claro que se necesitan mejoras edilicias y m\u00e1s espacio f\u00edsico, reformar estructuras de ventilaci\u00f3n e instalar correctamente el ba\u00f1o, entre otros detalles a tener en cuenta.<\/p>\n","protected":false},"excerpt":{"rendered":"<p>Mediante una presentaci\u00f3n efectuada semanas atr\u00e1s y que plantea la situaci\u00f3n de los detenidos en los calabozos de la Estacional Comunal de nuestra ciudad, una vez completado el cupo los presos deber\u00e1n ser enviados a otras dependencias de la regi\u00f3n. \u00a0 Un habeas corpus ordenado por la Defensor\u00eda Oficial tras advertir el estado en el [&hellip;]<\/p>\n","protected":false},"author":4,"featured_media":89924,"comment_status":"open","ping_status":"closed","sticky":false,"template":"","format":"standard","meta":{"om_disable_all_campaigns":false,"_jetpack_memberships_contains_paid_content":false,"footnotes":""},"categories":[50,101,2],"tags":[],"class_list":["post-89923","post","type-post","status-publish","format-standard","has-post-thumbnail","hentry","category-destacadas","category-interes-general-locales","category-locales"],"aioseo_notices":[],"gutentor_comment":0,"jetpack_featured_media_url":"https:\/\/eldiariodesanpedro.com.ar\/sitio\/wp-content\/uploads\/2021\/03\/000090721.jpg","jetpack_shortlink":"https:\/\/wp.me\/p6RhLt-non","jetpack_sharing_enabled":true,"_links":{"self":[{"href":"https:\/\/eldiariodesanpedro.com.ar\/sitio\/wp-json\/wp\/v2\/posts\/89923","targetHints":{"allow":["GET"]}}],"collection":[{"href":"https:\/\/eldiariodesanpedro.com.ar\/sitio\/wp-json\/wp\/v2\/posts"}],"about":[{"href":"https:\/\/eldiariodesanpedro.com.ar\/sitio\/wp-json\/wp\/v2\/types\/post"}],"author":[{"embeddable":true,"href":"https:\/\/eldiariodesanpedro.com.ar\/sitio\/wp-json\/wp\/v2\/users\/4"}],"replies":[{"embeddable":true,"href":"https:\/\/eldiariodesanpedro.com.ar\/sitio\/wp-json\/wp\/v2\/comments?post=89923"}],"version-history":[{"count":1,"href":"https:\/\/eldiariodesanpedro.com.ar\/sitio\/wp-json\/wp\/v2\/posts\/89923\/revisions"}],"predecessor-version":[{"id":89925,"href":"https:\/\/eldiariodesanpedro.com.ar\/sitio\/wp-json\/wp\/v2\/posts\/89923\/revisions\/89925"}],"wp:featuredmedia":[{"embeddable":true,"href":"https:\/\/eldiariodesanpedro.com.ar\/sitio\/wp-json\/wp\/v2\/media\/89924"}],"wp:attachment":[{"href":"https:\/\/eldiariodesanpedro.com.ar\/sitio\/wp-json\/wp\/v2\/media?parent=89923"}],"wp:term":[{"taxonomy":"category","embeddable":true,"href":"https:\/\/eldiariodesanpedro.com.ar\/sitio\/wp-json\/wp\/v2\/categories?post=89923"},{"taxonomy":"post_tag","embeddable":true,"href":"https:\/\/eldiariodesanpedro.com.ar\/sitio\/wp-json\/wp\/v2\/tags?post=89923"}],"curies":[{"name":"wp","href":"https:\/\/api.w.org\/{rel}","templated":true}]}}