{"id":8992,"date":"2016-10-19T11:50:37","date_gmt":"2016-10-19T14:50:37","guid":{"rendered":"https:\/\/eldiariodesanpedro.com.ar\/sitio\/?p=8992"},"modified":"2016-10-19T11:50:37","modified_gmt":"2016-10-19T14:50:37","slug":"san-pedro-tendra-un-representante-en-el-certamen-nacional-de-las-olimpiadas-de-matematicas","status":"publish","type":"post","link":"https:\/\/eldiariodesanpedro.com.ar\/sitio\/san-pedro-tendra-un-representante-en-el-certamen-nacional-de-las-olimpiadas-de-matematicas\/","title":{"rendered":"San Pedro tendr\u00e1 un representante en el certamen nacional de las olimpiadas de matem\u00e1ticas"},"content":{"rendered":"<p><!-- VideographyWP Plugin Message: Automatic video embedding prevented by plugin options. --><br \/>\nLa semana que viene se estar\u00eda llevando a cabo el certamen nacional de las olimpiada de matem\u00e1ticas, el joven sampedrino Nehu\u00e9n Scarmozzino de 11 a\u00f1os participara de la misma, siendo el \u00fanico participante de toda la regi\u00f3n. <\/p>\n<p>Anteriormente en el mes de agosto en la ciudad de Mar de Plata Nehu\u00e9n tambi\u00e9n habr\u00eda participado del XXV Olimpiada Matem\u00e1ticas \u00d1and\u00fa, Certamen Regional.<\/p>\n","protected":false},"excerpt":{"rendered":"<p>La semana que viene se estar\u00eda llevando a cabo el certamen nacional de las olimpiada de matem\u00e1ticas, el joven sampedrino Nehu\u00e9n Scarmozzino de 11 a\u00f1os participara de la misma, siendo el \u00fanico participante de toda la regi\u00f3n. Anteriormente en el mes de agosto en la ciudad de Mar de Plata Nehu\u00e9n tambi\u00e9n habr\u00eda participado del [&hellip;]<\/p>\n","protected":false},"author":4,"featured_media":8993,"comment_status":"open","ping_status":"closed","sticky":false,"template":"","format":"standard","meta":{"om_disable_all_campaigns":false,"_jetpack_memberships_contains_paid_content":false,"footnotes":""},"categories":[101,2],"tags":[],"class_list":["post-8992","post","type-post","status-publish","format-standard","has-post-thumbnail","hentry","category-interes-general-locales","category-locales"],"aioseo_notices":[],"gutentor_comment":0,"jetpack_featured_media_url":"https:\/\/eldiariodesanpedro.com.ar\/sitio\/wp-content\/uploads\/2016\/10\/nahuel.jpg","jetpack_shortlink":"https:\/\/wp.me\/p6RhLt-2l2","jetpack_sharing_enabled":true,"_links":{"self":[{"href":"https:\/\/eldiariodesanpedro.com.ar\/sitio\/wp-json\/wp\/v2\/posts\/8992","targetHints":{"allow":["GET"]}}],"collection":[{"href":"https:\/\/eldiariodesanpedro.com.ar\/sitio\/wp-json\/wp\/v2\/posts"}],"about":[{"href":"https:\/\/eldiariodesanpedro.com.ar\/sitio\/wp-json\/wp\/v2\/types\/post"}],"author":[{"embeddable":true,"href":"https:\/\/eldiariodesanpedro.com.ar\/sitio\/wp-json\/wp\/v2\/users\/4"}],"replies":[{"embeddable":true,"href":"https:\/\/eldiariodesanpedro.com.ar\/sitio\/wp-json\/wp\/v2\/comments?post=8992"}],"version-history":[{"count":1,"href":"https:\/\/eldiariodesanpedro.com.ar\/sitio\/wp-json\/wp\/v2\/posts\/8992\/revisions"}],"predecessor-version":[{"id":8994,"href":"https:\/\/eldiariodesanpedro.com.ar\/sitio\/wp-json\/wp\/v2\/posts\/8992\/revisions\/8994"}],"wp:featuredmedia":[{"embeddable":true,"href":"https:\/\/eldiariodesanpedro.com.ar\/sitio\/wp-json\/wp\/v2\/media\/8993"}],"wp:attachment":[{"href":"https:\/\/eldiariodesanpedro.com.ar\/sitio\/wp-json\/wp\/v2\/media?parent=8992"}],"wp:term":[{"taxonomy":"category","embeddable":true,"href":"https:\/\/eldiariodesanpedro.com.ar\/sitio\/wp-json\/wp\/v2\/categories?post=8992"},{"taxonomy":"post_tag","embeddable":true,"href":"https:\/\/eldiariodesanpedro.com.ar\/sitio\/wp-json\/wp\/v2\/tags?post=8992"}],"curies":[{"name":"wp","href":"https:\/\/api.w.org\/{rel}","templated":true}]}}