{"id":89912,"date":"2021-03-29T09:54:45","date_gmt":"2021-03-29T12:54:45","guid":{"rendered":"https:\/\/eldiariodesanpedro.com.ar\/sitio\/?p=89912"},"modified":"2021-03-29T11:47:24","modified_gmt":"2021-03-29T14:47:24","slug":"un-aprehendido-tras-haber-robado-una-amoladora","status":"publish","type":"post","link":"https:\/\/eldiariodesanpedro.com.ar\/sitio\/un-aprehendido-tras-haber-robado-una-amoladora\/","title":{"rendered":"Un aprehendido tras haber robado una amoladora"},"content":{"rendered":"<!-- VideographyWP Plugin Message: Automatic video embedding prevented by plugin options. -->\n\n<p>Este domingo efectivos policiales de la comisar\u00eda local se hicieron presentes&nbsp; en calle Lucio Mansilla al 6700 donde se detiene en fuga a ciudadano de 45 a\u00f1os y secuestro su poder amoladora cual momentos antes sustrae a una v\u00edctima femenina de 55 a\u00f1os en su domicilio ubicado en Lucio mansilla al 6900, sin violencia.&nbsp;<\/p>\n\n\n\n<p>El aprehendido fue trasladado a la comisar\u00eda local donde se pudo constatar que es un delincuente que posee frondosos antecedentes.<\/p>\n\n\n\n<figure class=\"wp-block-image size-large\"><img decoding=\"async\" width=\"960\" height=\"720\" data-attachment-id=\"89949\" data-permalink=\"https:\/\/eldiariodesanpedro.com.ar\/sitio\/un-aprehendido-tras-haber-robado-una-amoladora\/166731679_1955708261234328_347137383387761221_n\/\" data-orig-file=\"https:\/\/eldiariodesanpedro.com.ar\/sitio\/wp-content\/uploads\/2021\/03\/166731679_1955708261234328_347137383387761221_n.jpg\" data-orig-size=\"960,720\" data-comments-opened=\"1\" data-image-meta=\"{&quot;aperture&quot;:&quot;0&quot;,&quot;credit&quot;:&quot;&quot;,&quot;camera&quot;:&quot;&quot;,&quot;caption&quot;:&quot;&quot;,&quot;created_timestamp&quot;:&quot;0&quot;,&quot;copyright&quot;:&quot;&quot;,&quot;focal_length&quot;:&quot;0&quot;,&quot;iso&quot;:&quot;0&quot;,&quot;shutter_speed&quot;:&quot;0&quot;,&quot;title&quot;:&quot;&quot;,&quot;orientation&quot;:&quot;0&quot;}\" data-image-title=\"166731679_1955708261234328_347137383387761221_n\" data-image-description=\"\" data-image-caption=\"\" data-large-file=\"https:\/\/eldiariodesanpedro.com.ar\/sitio\/wp-content\/uploads\/2021\/03\/166731679_1955708261234328_347137383387761221_n.jpg\" data-src=\"https:\/\/eldiariodesanpedro.com.ar\/sitio\/wp-content\/uploads\/2021\/03\/166731679_1955708261234328_347137383387761221_n.jpg\" alt=\"\" class=\"wp-image-89949 lazyload\" data-srcset=\"https:\/\/eldiariodesanpedro.com.ar\/sitio\/wp-content\/uploads\/2021\/03\/166731679_1955708261234328_347137383387761221_n.jpg 960w, https:\/\/eldiariodesanpedro.com.ar\/sitio\/wp-content\/uploads\/2021\/03\/166731679_1955708261234328_347137383387761221_n-300x225.jpg 300w, https:\/\/eldiariodesanpedro.com.ar\/sitio\/wp-content\/uploads\/2021\/03\/166731679_1955708261234328_347137383387761221_n-768x576.jpg 768w, https:\/\/eldiariodesanpedro.com.ar\/sitio\/wp-content\/uploads\/2021\/03\/166731679_1955708261234328_347137383387761221_n-500x375.jpg 500w\" data-sizes=\"(max-width: 960px) 100vw, 960px\" src=\"data:image\/svg+xml;base64,PHN2ZyB3aWR0aD0iMSIgaGVpZ2h0PSIxIiB4bWxucz0iaHR0cDovL3d3dy53My5vcmcvMjAwMC9zdmciPjwvc3ZnPg==\" style=\"--smush-placeholder-width: 960px; --smush-placeholder-aspect-ratio: 960\/720;\" \/><\/figure>\n","protected":false},"excerpt":{"rendered":"<p>Este domingo efectivos policiales de la comisar\u00eda local se hicieron presentes&nbsp; en calle Lucio Mansilla al 6700 donde se detiene en fuga a ciudadano de 45 a\u00f1os y secuestro su poder amoladora cual momentos antes sustrae a una v\u00edctima femenina de 55 a\u00f1os en su domicilio ubicado en Lucio mansilla al 6900, sin violencia.&nbsp; El [&hellip;]<\/p>\n","protected":false},"author":4,"featured_media":89948,"comment_status":"open","ping_status":"closed","sticky":false,"template":"","format":"standard","meta":{"om_disable_all_campaigns":false,"_jetpack_memberships_contains_paid_content":false,"footnotes":""},"categories":[2,103],"tags":[],"class_list":["post-89912","post","type-post","status-publish","format-standard","has-post-thumbnail","hentry","category-locales","category-policiales-locales"],"aioseo_notices":[],"gutentor_comment":0,"jetpack_featured_media_url":"https:\/\/eldiariodesanpedro.com.ar\/sitio\/wp-content\/uploads\/2021\/03\/166242034_1955708214567666_2051342053749806869_n.jpg","jetpack_shortlink":"https:\/\/wp.me\/p6RhLt-noc","jetpack_sharing_enabled":true,"_links":{"self":[{"href":"https:\/\/eldiariodesanpedro.com.ar\/sitio\/wp-json\/wp\/v2\/posts\/89912","targetHints":{"allow":["GET"]}}],"collection":[{"href":"https:\/\/eldiariodesanpedro.com.ar\/sitio\/wp-json\/wp\/v2\/posts"}],"about":[{"href":"https:\/\/eldiariodesanpedro.com.ar\/sitio\/wp-json\/wp\/v2\/types\/post"}],"author":[{"embeddable":true,"href":"https:\/\/eldiariodesanpedro.com.ar\/sitio\/wp-json\/wp\/v2\/users\/4"}],"replies":[{"embeddable":true,"href":"https:\/\/eldiariodesanpedro.com.ar\/sitio\/wp-json\/wp\/v2\/comments?post=89912"}],"version-history":[{"count":2,"href":"https:\/\/eldiariodesanpedro.com.ar\/sitio\/wp-json\/wp\/v2\/posts\/89912\/revisions"}],"predecessor-version":[{"id":89951,"href":"https:\/\/eldiariodesanpedro.com.ar\/sitio\/wp-json\/wp\/v2\/posts\/89912\/revisions\/89951"}],"wp:featuredmedia":[{"embeddable":true,"href":"https:\/\/eldiariodesanpedro.com.ar\/sitio\/wp-json\/wp\/v2\/media\/89948"}],"wp:attachment":[{"href":"https:\/\/eldiariodesanpedro.com.ar\/sitio\/wp-json\/wp\/v2\/media?parent=89912"}],"wp:term":[{"taxonomy":"category","embeddable":true,"href":"https:\/\/eldiariodesanpedro.com.ar\/sitio\/wp-json\/wp\/v2\/categories?post=89912"},{"taxonomy":"post_tag","embeddable":true,"href":"https:\/\/eldiariodesanpedro.com.ar\/sitio\/wp-json\/wp\/v2\/tags?post=89912"}],"curies":[{"name":"wp","href":"https:\/\/api.w.org\/{rel}","templated":true}]}}