{"id":89910,"date":"2021-03-29T09:48:20","date_gmt":"2021-03-29T12:48:20","guid":{"rendered":"https:\/\/eldiariodesanpedro.com.ar\/sitio\/?p=89910"},"modified":"2021-03-29T09:48:25","modified_gmt":"2021-03-29T12:48:25","slug":"un-aprehendido-con-tenencia-de-marihuanae","status":"publish","type":"post","link":"https:\/\/eldiariodesanpedro.com.ar\/sitio\/un-aprehendido-con-tenencia-de-marihuanae\/","title":{"rendered":"Un aprehendido con tenencia de marihuanae"},"content":{"rendered":"<!-- VideographyWP Plugin Message: Automatic video embedding prevented by plugin options. -->\n\n<p>Este domingo el personal de la comisar\u00eda en calle Juan de Garay esquina 11 de Septiembre aprehende a masculino de 18 a\u00f1os, secuestrando en su poder sustancia marihuana, \u00ednfimo pesaje. Se labraron actuaciones con intervenci\u00f3n de la UFI 5.<\/p>\n","protected":false},"excerpt":{"rendered":"<p>Este domingo el personal de la comisar\u00eda en calle Juan de Garay esquina 11 de Septiembre aprehende a masculino de 18 a\u00f1os, secuestrando en su poder sustancia marihuana, \u00ednfimo pesaje. Se labraron actuaciones con intervenci\u00f3n de la UFI 5.<\/p>\n","protected":false},"author":4,"featured_media":66577,"comment_status":"open","ping_status":"closed","sticky":false,"template":"","format":"standard","meta":{"om_disable_all_campaigns":false,"_jetpack_memberships_contains_paid_content":false,"footnotes":""},"categories":[2,103],"tags":[],"class_list":["post-89910","post","type-post","status-publish","format-standard","has-post-thumbnail","hentry","category-locales","category-policiales-locales"],"aioseo_notices":[],"gutentor_comment":0,"jetpack_featured_media_url":"https:\/\/eldiariodesanpedro.com.ar\/sitio\/wp-content\/uploads\/2020\/01\/Poli-detenido-A.png","jetpack_shortlink":"https:\/\/wp.me\/p6RhLt-noa","jetpack_sharing_enabled":true,"_links":{"self":[{"href":"https:\/\/eldiariodesanpedro.com.ar\/sitio\/wp-json\/wp\/v2\/posts\/89910","targetHints":{"allow":["GET"]}}],"collection":[{"href":"https:\/\/eldiariodesanpedro.com.ar\/sitio\/wp-json\/wp\/v2\/posts"}],"about":[{"href":"https:\/\/eldiariodesanpedro.com.ar\/sitio\/wp-json\/wp\/v2\/types\/post"}],"author":[{"embeddable":true,"href":"https:\/\/eldiariodesanpedro.com.ar\/sitio\/wp-json\/wp\/v2\/users\/4"}],"replies":[{"embeddable":true,"href":"https:\/\/eldiariodesanpedro.com.ar\/sitio\/wp-json\/wp\/v2\/comments?post=89910"}],"version-history":[{"count":1,"href":"https:\/\/eldiariodesanpedro.com.ar\/sitio\/wp-json\/wp\/v2\/posts\/89910\/revisions"}],"predecessor-version":[{"id":89911,"href":"https:\/\/eldiariodesanpedro.com.ar\/sitio\/wp-json\/wp\/v2\/posts\/89910\/revisions\/89911"}],"wp:featuredmedia":[{"embeddable":true,"href":"https:\/\/eldiariodesanpedro.com.ar\/sitio\/wp-json\/wp\/v2\/media\/66577"}],"wp:attachment":[{"href":"https:\/\/eldiariodesanpedro.com.ar\/sitio\/wp-json\/wp\/v2\/media?parent=89910"}],"wp:term":[{"taxonomy":"category","embeddable":true,"href":"https:\/\/eldiariodesanpedro.com.ar\/sitio\/wp-json\/wp\/v2\/categories?post=89910"},{"taxonomy":"post_tag","embeddable":true,"href":"https:\/\/eldiariodesanpedro.com.ar\/sitio\/wp-json\/wp\/v2\/tags?post=89910"}],"curies":[{"name":"wp","href":"https:\/\/api.w.org\/{rel}","templated":true}]}}