{"id":8990,"date":"2016-10-19T11:25:32","date_gmt":"2016-10-19T14:25:32","guid":{"rendered":"https:\/\/eldiariodesanpedro.com.ar\/sitio\/?p=8990"},"modified":"2016-10-19T11:25:32","modified_gmt":"2016-10-19T14:25:32","slug":"el-personal-femenino-de-coopser-adhiere-a-la-retencion-de-tareas","status":"publish","type":"post","link":"https:\/\/eldiariodesanpedro.com.ar\/sitio\/el-personal-femenino-de-coopser-adhiere-a-la-retencion-de-tareas\/","title":{"rendered":"El personal femenino de Coopser adhiere a la retenci\u00f3n de tareas"},"content":{"rendered":"<p><!-- VideographyWP Plugin Message: Automatic video embedding prevented by plugin options. --><br \/>\nCoopser informa que su personal femenino adherir\u00e1 a la \u00abJornada contra la Violencia hacia las Mujeres\u00bb, suspendiendo sus actividades en el lugar de trabajo de 13 a 14 y participando de reuniones en las que se analizar\u00e1 la problem\u00e1tica y se discutir\u00e1 el tema.<br \/>\nAdem\u00e1s se invita a toda la comunidad a participar de la concentraci\u00f3n que tendr\u00e1 lugar a las 19 en la Peatonal del Centenario, como una expresi\u00f3n m\u00e1s del rechazo a los numerosos actos de violencia conocidos en los \u00faltimos tiempos y haciendo un llamado a la reflexi\u00f3n para estar atentos ante este tipo de situaciones que requieren el compromiso de todos.<\/p>\n","protected":false},"excerpt":{"rendered":"<p>Coopser informa que su personal femenino adherir\u00e1 a la \u00abJornada contra la Violencia hacia las Mujeres\u00bb, suspendiendo sus actividades en el lugar de trabajo de 13 a 14 y participando de reuniones en las que se analizar\u00e1 la problem\u00e1tica y se discutir\u00e1 el tema. Adem\u00e1s se invita a toda la comunidad a participar de la [&hellip;]<\/p>\n","protected":false},"author":4,"featured_media":6360,"comment_status":"open","ping_status":"closed","sticky":false,"template":"","format":"standard","meta":{"om_disable_all_campaigns":false,"_jetpack_memberships_contains_paid_content":false,"footnotes":""},"categories":[101,2],"tags":[],"class_list":["post-8990","post","type-post","status-publish","format-standard","has-post-thumbnail","hentry","category-interes-general-locales","category-locales"],"aioseo_notices":[],"gutentor_comment":0,"jetpack_featured_media_url":"https:\/\/eldiariodesanpedro.com.ar\/sitio\/wp-content\/uploads\/2016\/07\/coopser.jpg","jetpack_shortlink":"https:\/\/wp.me\/p6RhLt-2l0","jetpack_sharing_enabled":true,"_links":{"self":[{"href":"https:\/\/eldiariodesanpedro.com.ar\/sitio\/wp-json\/wp\/v2\/posts\/8990","targetHints":{"allow":["GET"]}}],"collection":[{"href":"https:\/\/eldiariodesanpedro.com.ar\/sitio\/wp-json\/wp\/v2\/posts"}],"about":[{"href":"https:\/\/eldiariodesanpedro.com.ar\/sitio\/wp-json\/wp\/v2\/types\/post"}],"author":[{"embeddable":true,"href":"https:\/\/eldiariodesanpedro.com.ar\/sitio\/wp-json\/wp\/v2\/users\/4"}],"replies":[{"embeddable":true,"href":"https:\/\/eldiariodesanpedro.com.ar\/sitio\/wp-json\/wp\/v2\/comments?post=8990"}],"version-history":[{"count":1,"href":"https:\/\/eldiariodesanpedro.com.ar\/sitio\/wp-json\/wp\/v2\/posts\/8990\/revisions"}],"predecessor-version":[{"id":8991,"href":"https:\/\/eldiariodesanpedro.com.ar\/sitio\/wp-json\/wp\/v2\/posts\/8990\/revisions\/8991"}],"wp:featuredmedia":[{"embeddable":true,"href":"https:\/\/eldiariodesanpedro.com.ar\/sitio\/wp-json\/wp\/v2\/media\/6360"}],"wp:attachment":[{"href":"https:\/\/eldiariodesanpedro.com.ar\/sitio\/wp-json\/wp\/v2\/media?parent=8990"}],"wp:term":[{"taxonomy":"category","embeddable":true,"href":"https:\/\/eldiariodesanpedro.com.ar\/sitio\/wp-json\/wp\/v2\/categories?post=8990"},{"taxonomy":"post_tag","embeddable":true,"href":"https:\/\/eldiariodesanpedro.com.ar\/sitio\/wp-json\/wp\/v2\/tags?post=8990"}],"curies":[{"name":"wp","href":"https:\/\/api.w.org\/{rel}","templated":true}]}}