{"id":89896,"date":"2021-03-28T18:31:26","date_gmt":"2021-03-28T21:31:26","guid":{"rendered":"https:\/\/eldiariodesanpedro.com.ar\/sitio\/?p=89896"},"modified":"2021-03-28T18:31:31","modified_gmt":"2021-03-28T21:31:31","slug":"varios-aprehendidos-por-tenencia-de-estupefaciente-de-infimo-pesaje","status":"publish","type":"post","link":"https:\/\/eldiariodesanpedro.com.ar\/sitio\/varios-aprehendidos-por-tenencia-de-estupefaciente-de-infimo-pesaje\/","title":{"rendered":"Varios aprehendidos por tenencia de estupefaciente de \u00ednfimo pesaje"},"content":{"rendered":"<!-- VideographyWP Plugin Message: Automatic video embedding prevented by plugin options. -->\n\n<p>Durante las \u00faltima jornada personal policial de la comisar\u00eda realiz\u00f3 ocho procedimientos s\u00edmiles, en los cuales se traslad\u00f3 a masculinos mayores de edad, desde distintos puntos de la ciudad y horarios, a quienes se le secuestr\u00f3 en su poder sustancia marihuana en \u00ednfimo pesaje. Se iniciaron actuaciones con intervenci\u00f3n de la justicia local\u00a0<\/p>\n","protected":false},"excerpt":{"rendered":"<p>Durante las \u00faltima jornada personal policial de la comisar\u00eda realiz\u00f3 ocho procedimientos s\u00edmiles, en los cuales se traslad\u00f3 a masculinos mayores de edad, desde distintos puntos de la ciudad y horarios, a quienes se le secuestr\u00f3 en su poder sustancia marihuana en \u00ednfimo pesaje. Se iniciaron actuaciones con intervenci\u00f3n de la justicia local\u00a0<\/p>\n","protected":false},"author":4,"featured_media":77860,"comment_status":"open","ping_status":"closed","sticky":false,"template":"","format":"standard","meta":{"om_disable_all_campaigns":false,"_jetpack_memberships_contains_paid_content":false,"footnotes":""},"categories":[2,103],"tags":[],"class_list":["post-89896","post","type-post","status-publish","format-standard","has-post-thumbnail","hentry","category-locales","category-policiales-locales"],"aioseo_notices":[],"gutentor_comment":0,"jetpack_featured_media_url":"https:\/\/eldiariodesanpedro.com.ar\/sitio\/wp-content\/uploads\/2020\/07\/000085506.jpg","jetpack_shortlink":"https:\/\/wp.me\/p6RhLt-nnW","jetpack_sharing_enabled":true,"_links":{"self":[{"href":"https:\/\/eldiariodesanpedro.com.ar\/sitio\/wp-json\/wp\/v2\/posts\/89896","targetHints":{"allow":["GET"]}}],"collection":[{"href":"https:\/\/eldiariodesanpedro.com.ar\/sitio\/wp-json\/wp\/v2\/posts"}],"about":[{"href":"https:\/\/eldiariodesanpedro.com.ar\/sitio\/wp-json\/wp\/v2\/types\/post"}],"author":[{"embeddable":true,"href":"https:\/\/eldiariodesanpedro.com.ar\/sitio\/wp-json\/wp\/v2\/users\/4"}],"replies":[{"embeddable":true,"href":"https:\/\/eldiariodesanpedro.com.ar\/sitio\/wp-json\/wp\/v2\/comments?post=89896"}],"version-history":[{"count":1,"href":"https:\/\/eldiariodesanpedro.com.ar\/sitio\/wp-json\/wp\/v2\/posts\/89896\/revisions"}],"predecessor-version":[{"id":89897,"href":"https:\/\/eldiariodesanpedro.com.ar\/sitio\/wp-json\/wp\/v2\/posts\/89896\/revisions\/89897"}],"wp:featuredmedia":[{"embeddable":true,"href":"https:\/\/eldiariodesanpedro.com.ar\/sitio\/wp-json\/wp\/v2\/media\/77860"}],"wp:attachment":[{"href":"https:\/\/eldiariodesanpedro.com.ar\/sitio\/wp-json\/wp\/v2\/media?parent=89896"}],"wp:term":[{"taxonomy":"category","embeddable":true,"href":"https:\/\/eldiariodesanpedro.com.ar\/sitio\/wp-json\/wp\/v2\/categories?post=89896"},{"taxonomy":"post_tag","embeddable":true,"href":"https:\/\/eldiariodesanpedro.com.ar\/sitio\/wp-json\/wp\/v2\/tags?post=89896"}],"curies":[{"name":"wp","href":"https:\/\/api.w.org\/{rel}","templated":true}]}}