{"id":89885,"date":"2021-03-27T19:10:11","date_gmt":"2021-03-27T22:10:11","guid":{"rendered":"https:\/\/eldiariodesanpedro.com.ar\/sitio\/?p=89885"},"modified":"2021-03-27T19:10:16","modified_gmt":"2021-03-27T22:10:16","slug":"el-ministerio-de-las-mujeres-politicas-de-genero-y-diversidad-sexual-de-la-provincia-presento-la-creacion-del-area-en-san-pedro-y-comenzaron-los-trabajos-en-sus-oficinas","status":"publish","type":"post","link":"https:\/\/eldiariodesanpedro.com.ar\/sitio\/el-ministerio-de-las-mujeres-politicas-de-genero-y-diversidad-sexual-de-la-provincia-presento-la-creacion-del-area-en-san-pedro-y-comenzaron-los-trabajos-en-sus-oficinas\/","title":{"rendered":"El Ministerio de las Mujeres, Pol\u00edticas de G\u00e9nero y Diversidad Sexual de la Provincia present\u00f3 la creaci\u00f3n del \u00e1rea en San Pedro y comenzaron los trabajos en sus oficinas"},"content":{"rendered":"<!-- VideographyWP Plugin Message: Automatic video embedding prevented by plugin options. -->\n\n<p>Se oficializo el Ministerio de las Mujeres, Pol\u00edticas de Genero y Diversidad Sexual en nuestra ciudad quien tendra en frente Laura Monfasani y este s\u00e1bado tuvieron una Reuni\u00f3n a trav\u00e9s de zoom con representantes de la provincia; adem\u00e1s en la tarde de s\u00e1bado realizaron trabajos en el edificio ubicado en la esquina de Salta y San Martin donde estar\u00e1 emplazado las oficinas para la atenci\u00f3n del publico.<\/p>\n\n\n\n<p>Esta tarde j\u00f3venes del Partido Fe junto con el personal de la Secretaria de Desarrollo Humano estuvieron trabajando pintando y acondicionando el lugar para instalar las oficinas de la Subsecretaria de Pol\u00edticas de Genero, Mujeres y Diversidad de San Pedro.<\/p>\n\n\n\n<p>Tambi\u00e9n hoy en una videoconferencia de la que particip\u00f3 la titular del \u00e1rea de la Municipalidad de San Pedro Laura Monfasani, se present\u00f3 oficialmente la creaci\u00f3n de este espacio dentro del gobierno municipal. En las redes sociales del Ministerio se realiz\u00f3 el anuncio destacando que \u00abSan Pedro jerarquiz\u00f3 su \u00e1rea de g\u00e9nero en Subsecretaria de G\u00e9nero, Mujeres y Diversidad.\u00bb<\/p>\n\n\n\n<p>En esta comunicaci\u00f3n que representa un importante respaldo para la decisi\u00f3n tomada por el Intendente Salazar se inform\u00f3 que de la reuni\u00f3n de presentaci\u00f3n participaron \u00abla responsable de la Unidad de Pol\u00edticas transversales Lidia Fernandez quien se reuni\u00f3 con la Subsecretaria a cargo Laura Monfasani.\u00bb<\/p>\n\n\n\n<p>\u00abNuestro Ministerio tiene el mandato de acompa\u00f1ar y fortalecer los espacios de g\u00e9nero en cada municipio de la Provincia, de manera tal que la transversalizaci\u00f3n de la perspectiva de g\u00e9nero sea una realidad\u00bb, expres\u00f3 Lidia Fern\u00e1ndez.<\/p>\n\n\n\n<p>En este mismo sentido Laura Monfasani agradeci\u00f3 el acompa\u00f1amiento permanente del Ministerio de las Mujeres, y el asesoramiento cotidiano que recibe del equipo de coordinaci\u00f3n de la segunda Regi\u00f3n, a cargo de \u00c1ngeles Grattone junto a Marcela Isarra. Particip\u00f3 del encuentro la asesora de la Unidad de Pol\u00edticas Transversales Ibis Az\u00faa.<\/p>\n\n\n\n<figure class=\"wp-block-image size-large\"><img decoding=\"async\" width=\"1024\" height=\"768\" data-attachment-id=\"89886\" data-permalink=\"https:\/\/eldiariodesanpedro.com.ar\/sitio\/el-ministerio-de-las-mujeres-politicas-de-genero-y-diversidad-sexual-de-la-provincia-presento-la-creacion-del-area-en-san-pedro-y-comenzaron-los-trabajos-en-sus-oficinas\/whatsapp-image-2021-03-27-at-18-47-18-1\/\" data-orig-file=\"https:\/\/eldiariodesanpedro.com.ar\/sitio\/wp-content\/uploads\/2021\/03\/WhatsApp-Image-2021-03-27-at-18.47.18-1.jpeg\" data-orig-size=\"1040,780\" data-comments-opened=\"1\" data-image-meta=\"{&quot;aperture&quot;:&quot;0&quot;,&quot;credit&quot;:&quot;&quot;,&quot;camera&quot;:&quot;&quot;,&quot;caption&quot;:&quot;&quot;,&quot;created_timestamp&quot;:&quot;0&quot;,&quot;copyright&quot;:&quot;&quot;,&quot;focal_length&quot;:&quot;0&quot;,&quot;iso&quot;:&quot;0&quot;,&quot;shutter_speed&quot;:&quot;0&quot;,&quot;title&quot;:&quot;&quot;,&quot;orientation&quot;:&quot;0&quot;}\" data-image-title=\"WhatsApp Image 2021-03-27 at 18.47.18 (1)\" data-image-description=\"\" data-image-caption=\"\" data-large-file=\"https:\/\/eldiariodesanpedro.com.ar\/sitio\/wp-content\/uploads\/2021\/03\/WhatsApp-Image-2021-03-27-at-18.47.18-1-1024x768.jpeg\" data-src=\"https:\/\/eldiariodesanpedro.com.ar\/sitio\/wp-content\/uploads\/2021\/03\/WhatsApp-Image-2021-03-27-at-18.47.18-1-1024x768.jpeg\" alt=\"\" class=\"wp-image-89886 lazyload\" data-srcset=\"https:\/\/eldiariodesanpedro.com.ar\/sitio\/wp-content\/uploads\/2021\/03\/WhatsApp-Image-2021-03-27-at-18.47.18-1-1024x768.jpeg 1024w, https:\/\/eldiariodesanpedro.com.ar\/sitio\/wp-content\/uploads\/2021\/03\/WhatsApp-Image-2021-03-27-at-18.47.18-1-300x225.jpeg 300w, https:\/\/eldiariodesanpedro.com.ar\/sitio\/wp-content\/uploads\/2021\/03\/WhatsApp-Image-2021-03-27-at-18.47.18-1-768x576.jpeg 768w, https:\/\/eldiariodesanpedro.com.ar\/sitio\/wp-content\/uploads\/2021\/03\/WhatsApp-Image-2021-03-27-at-18.47.18-1-500x375.jpeg 500w, https:\/\/eldiariodesanpedro.com.ar\/sitio\/wp-content\/uploads\/2021\/03\/WhatsApp-Image-2021-03-27-at-18.47.18-1.jpeg 1040w\" data-sizes=\"(max-width: 1024px) 100vw, 1024px\" src=\"data:image\/svg+xml;base64,PHN2ZyB3aWR0aD0iMSIgaGVpZ2h0PSIxIiB4bWxucz0iaHR0cDovL3d3dy53My5vcmcvMjAwMC9zdmciPjwvc3ZnPg==\" style=\"--smush-placeholder-width: 1024px; --smush-placeholder-aspect-ratio: 1024\/768;\" \/><\/figure>\n\n\n\n<figure class=\"wp-block-image size-large\"><img decoding=\"async\" width=\"472\" height=\"1024\" data-attachment-id=\"89888\" data-permalink=\"https:\/\/eldiariodesanpedro.com.ar\/sitio\/el-ministerio-de-las-mujeres-politicas-de-genero-y-diversidad-sexual-de-la-provincia-presento-la-creacion-del-area-en-san-pedro-y-comenzaron-los-trabajos-en-sus-oficinas\/whatsapp-image-2021-03-27-at-18-47-19-1\/\" data-orig-file=\"https:\/\/eldiariodesanpedro.com.ar\/sitio\/wp-content\/uploads\/2021\/03\/WhatsApp-Image-2021-03-27-at-18.47.19-1.jpeg\" data-orig-size=\"590,1280\" data-comments-opened=\"1\" data-image-meta=\"{&quot;aperture&quot;:&quot;0&quot;,&quot;credit&quot;:&quot;&quot;,&quot;camera&quot;:&quot;&quot;,&quot;caption&quot;:&quot;&quot;,&quot;created_timestamp&quot;:&quot;0&quot;,&quot;copyright&quot;:&quot;&quot;,&quot;focal_length&quot;:&quot;0&quot;,&quot;iso&quot;:&quot;0&quot;,&quot;shutter_speed&quot;:&quot;0&quot;,&quot;title&quot;:&quot;&quot;,&quot;orientation&quot;:&quot;0&quot;}\" data-image-title=\"WhatsApp Image 2021-03-27 at 18.47.19 (1)\" data-image-description=\"\" data-image-caption=\"\" data-large-file=\"https:\/\/eldiariodesanpedro.com.ar\/sitio\/wp-content\/uploads\/2021\/03\/WhatsApp-Image-2021-03-27-at-18.47.19-1-472x1024.jpeg\" data-src=\"https:\/\/eldiariodesanpedro.com.ar\/sitio\/wp-content\/uploads\/2021\/03\/WhatsApp-Image-2021-03-27-at-18.47.19-1-472x1024.jpeg\" alt=\"\" class=\"wp-image-89888 lazyload\" data-srcset=\"https:\/\/eldiariodesanpedro.com.ar\/sitio\/wp-content\/uploads\/2021\/03\/WhatsApp-Image-2021-03-27-at-18.47.19-1-472x1024.jpeg 472w, https:\/\/eldiariodesanpedro.com.ar\/sitio\/wp-content\/uploads\/2021\/03\/WhatsApp-Image-2021-03-27-at-18.47.19-1-138x300.jpeg 138w, https:\/\/eldiariodesanpedro.com.ar\/sitio\/wp-content\/uploads\/2021\/03\/WhatsApp-Image-2021-03-27-at-18.47.19-1.jpeg 590w\" data-sizes=\"(max-width: 472px) 100vw, 472px\" src=\"data:image\/svg+xml;base64,PHN2ZyB3aWR0aD0iMSIgaGVpZ2h0PSIxIiB4bWxucz0iaHR0cDovL3d3dy53My5vcmcvMjAwMC9zdmciPjwvc3ZnPg==\" style=\"--smush-placeholder-width: 472px; --smush-placeholder-aspect-ratio: 472\/1024;\" \/><\/figure>\n\n\n\n<figure class=\"wp-block-image size-large\"><img decoding=\"async\" width=\"768\" height=\"1024\" data-attachment-id=\"89889\" data-permalink=\"https:\/\/eldiariodesanpedro.com.ar\/sitio\/el-ministerio-de-las-mujeres-politicas-de-genero-y-diversidad-sexual-de-la-provincia-presento-la-creacion-del-area-en-san-pedro-y-comenzaron-los-trabajos-en-sus-oficinas\/whatsapp-image-2021-03-27-at-18-47-19\/\" data-orig-file=\"https:\/\/eldiariodesanpedro.com.ar\/sitio\/wp-content\/uploads\/2021\/03\/WhatsApp-Image-2021-03-27-at-18.47.19.jpeg\" data-orig-size=\"780,1040\" data-comments-opened=\"1\" data-image-meta=\"{&quot;aperture&quot;:&quot;0&quot;,&quot;credit&quot;:&quot;&quot;,&quot;camera&quot;:&quot;&quot;,&quot;caption&quot;:&quot;&quot;,&quot;created_timestamp&quot;:&quot;0&quot;,&quot;copyright&quot;:&quot;&quot;,&quot;focal_length&quot;:&quot;0&quot;,&quot;iso&quot;:&quot;0&quot;,&quot;shutter_speed&quot;:&quot;0&quot;,&quot;title&quot;:&quot;&quot;,&quot;orientation&quot;:&quot;0&quot;}\" data-image-title=\"WhatsApp Image 2021-03-27 at 18.47.19\" data-image-description=\"\" data-image-caption=\"\" data-large-file=\"https:\/\/eldiariodesanpedro.com.ar\/sitio\/wp-content\/uploads\/2021\/03\/WhatsApp-Image-2021-03-27-at-18.47.19-768x1024.jpeg\" data-src=\"https:\/\/eldiariodesanpedro.com.ar\/sitio\/wp-content\/uploads\/2021\/03\/WhatsApp-Image-2021-03-27-at-18.47.19-768x1024.jpeg\" alt=\"\" class=\"wp-image-89889 lazyload\" data-srcset=\"https:\/\/eldiariodesanpedro.com.ar\/sitio\/wp-content\/uploads\/2021\/03\/WhatsApp-Image-2021-03-27-at-18.47.19-768x1024.jpeg 768w, https:\/\/eldiariodesanpedro.com.ar\/sitio\/wp-content\/uploads\/2021\/03\/WhatsApp-Image-2021-03-27-at-18.47.19-225x300.jpeg 225w, https:\/\/eldiariodesanpedro.com.ar\/sitio\/wp-content\/uploads\/2021\/03\/WhatsApp-Image-2021-03-27-at-18.47.19.jpeg 780w\" data-sizes=\"(max-width: 768px) 100vw, 768px\" src=\"data:image\/svg+xml;base64,PHN2ZyB3aWR0aD0iMSIgaGVpZ2h0PSIxIiB4bWxucz0iaHR0cDovL3d3dy53My5vcmcvMjAwMC9zdmciPjwvc3ZnPg==\" style=\"--smush-placeholder-width: 768px; --smush-placeholder-aspect-ratio: 768\/1024;\" \/><\/figure>\n\n\n\n<figure class=\"wp-block-image size-large\"><img decoding=\"async\" width=\"472\" height=\"1024\" data-attachment-id=\"89890\" data-permalink=\"https:\/\/eldiariodesanpedro.com.ar\/sitio\/el-ministerio-de-las-mujeres-politicas-de-genero-y-diversidad-sexual-de-la-provincia-presento-la-creacion-del-area-en-san-pedro-y-comenzaron-los-trabajos-en-sus-oficinas\/whatsapp-image-2021-03-27-at-18-47-20\/\" data-orig-file=\"https:\/\/eldiariodesanpedro.com.ar\/sitio\/wp-content\/uploads\/2021\/03\/WhatsApp-Image-2021-03-27-at-18.47.20.jpeg\" data-orig-size=\"590,1280\" data-comments-opened=\"1\" data-image-meta=\"{&quot;aperture&quot;:&quot;0&quot;,&quot;credit&quot;:&quot;&quot;,&quot;camera&quot;:&quot;&quot;,&quot;caption&quot;:&quot;&quot;,&quot;created_timestamp&quot;:&quot;0&quot;,&quot;copyright&quot;:&quot;&quot;,&quot;focal_length&quot;:&quot;0&quot;,&quot;iso&quot;:&quot;0&quot;,&quot;shutter_speed&quot;:&quot;0&quot;,&quot;title&quot;:&quot;&quot;,&quot;orientation&quot;:&quot;0&quot;}\" data-image-title=\"WhatsApp Image 2021-03-27 at 18.47.20\" data-image-description=\"\" data-image-caption=\"\" data-large-file=\"https:\/\/eldiariodesanpedro.com.ar\/sitio\/wp-content\/uploads\/2021\/03\/WhatsApp-Image-2021-03-27-at-18.47.20-472x1024.jpeg\" data-src=\"https:\/\/eldiariodesanpedro.com.ar\/sitio\/wp-content\/uploads\/2021\/03\/WhatsApp-Image-2021-03-27-at-18.47.20-472x1024.jpeg\" alt=\"\" class=\"wp-image-89890 lazyload\" data-srcset=\"https:\/\/eldiariodesanpedro.com.ar\/sitio\/wp-content\/uploads\/2021\/03\/WhatsApp-Image-2021-03-27-at-18.47.20-472x1024.jpeg 472w, https:\/\/eldiariodesanpedro.com.ar\/sitio\/wp-content\/uploads\/2021\/03\/WhatsApp-Image-2021-03-27-at-18.47.20-138x300.jpeg 138w, https:\/\/eldiariodesanpedro.com.ar\/sitio\/wp-content\/uploads\/2021\/03\/WhatsApp-Image-2021-03-27-at-18.47.20.jpeg 590w\" data-sizes=\"(max-width: 472px) 100vw, 472px\" src=\"data:image\/svg+xml;base64,PHN2ZyB3aWR0aD0iMSIgaGVpZ2h0PSIxIiB4bWxucz0iaHR0cDovL3d3dy53My5vcmcvMjAwMC9zdmciPjwvc3ZnPg==\" style=\"--smush-placeholder-width: 472px; --smush-placeholder-aspect-ratio: 472\/1024;\" \/><\/figure>\n\n\n\n<figure class=\"wp-block-image size-large\"><img decoding=\"async\" width=\"768\" height=\"1024\" data-attachment-id=\"89891\" data-permalink=\"https:\/\/eldiariodesanpedro.com.ar\/sitio\/el-ministerio-de-las-mujeres-politicas-de-genero-y-diversidad-sexual-de-la-provincia-presento-la-creacion-del-area-en-san-pedro-y-comenzaron-los-trabajos-en-sus-oficinas\/whatsapp-image-2021-03-27-at-18-47-21\/\" data-orig-file=\"https:\/\/eldiariodesanpedro.com.ar\/sitio\/wp-content\/uploads\/2021\/03\/WhatsApp-Image-2021-03-27-at-18.47.21.jpeg\" data-orig-size=\"780,1040\" data-comments-opened=\"1\" data-image-meta=\"{&quot;aperture&quot;:&quot;0&quot;,&quot;credit&quot;:&quot;&quot;,&quot;camera&quot;:&quot;&quot;,&quot;caption&quot;:&quot;&quot;,&quot;created_timestamp&quot;:&quot;0&quot;,&quot;copyright&quot;:&quot;&quot;,&quot;focal_length&quot;:&quot;0&quot;,&quot;iso&quot;:&quot;0&quot;,&quot;shutter_speed&quot;:&quot;0&quot;,&quot;title&quot;:&quot;&quot;,&quot;orientation&quot;:&quot;0&quot;}\" data-image-title=\"WhatsApp Image 2021-03-27 at 18.47.21\" data-image-description=\"\" data-image-caption=\"\" data-large-file=\"https:\/\/eldiariodesanpedro.com.ar\/sitio\/wp-content\/uploads\/2021\/03\/WhatsApp-Image-2021-03-27-at-18.47.21-768x1024.jpeg\" data-src=\"https:\/\/eldiariodesanpedro.com.ar\/sitio\/wp-content\/uploads\/2021\/03\/WhatsApp-Image-2021-03-27-at-18.47.21-768x1024.jpeg\" alt=\"\" class=\"wp-image-89891 lazyload\" data-srcset=\"https:\/\/eldiariodesanpedro.com.ar\/sitio\/wp-content\/uploads\/2021\/03\/WhatsApp-Image-2021-03-27-at-18.47.21-768x1024.jpeg 768w, https:\/\/eldiariodesanpedro.com.ar\/sitio\/wp-content\/uploads\/2021\/03\/WhatsApp-Image-2021-03-27-at-18.47.21-225x300.jpeg 225w, https:\/\/eldiariodesanpedro.com.ar\/sitio\/wp-content\/uploads\/2021\/03\/WhatsApp-Image-2021-03-27-at-18.47.21.jpeg 780w\" data-sizes=\"(max-width: 768px) 100vw, 768px\" src=\"data:image\/svg+xml;base64,PHN2ZyB3aWR0aD0iMSIgaGVpZ2h0PSIxIiB4bWxucz0iaHR0cDovL3d3dy53My5vcmcvMjAwMC9zdmciPjwvc3ZnPg==\" style=\"--smush-placeholder-width: 768px; --smush-placeholder-aspect-ratio: 768\/1024;\" \/><\/figure>\n","protected":false},"excerpt":{"rendered":"<p>Se oficializo el Ministerio de las Mujeres, Pol\u00edticas de Genero y Diversidad Sexual en nuestra ciudad quien tendra en frente Laura Monfasani y este s\u00e1bado tuvieron una Reuni\u00f3n a trav\u00e9s de zoom con representantes de la provincia; adem\u00e1s en la tarde de s\u00e1bado realizaron trabajos en el edificio ubicado en la esquina de Salta y [&hellip;]<\/p>\n","protected":false},"author":4,"featured_media":89887,"comment_status":"open","ping_status":"closed","sticky":false,"template":"","format":"standard","meta":{"om_disable_all_campaigns":false,"_jetpack_memberships_contains_paid_content":false,"footnotes":""},"categories":[50,101,2],"tags":[],"class_list":["post-89885","post","type-post","status-publish","format-standard","has-post-thumbnail","hentry","category-destacadas","category-interes-general-locales","category-locales"],"aioseo_notices":[],"gutentor_comment":0,"jetpack_featured_media_url":"https:\/\/eldiariodesanpedro.com.ar\/sitio\/wp-content\/uploads\/2021\/03\/WhatsApp-Image-2021-03-27-at-18.47.18.jpeg","jetpack_shortlink":"https:\/\/wp.me\/p6RhLt-nnL","jetpack_sharing_enabled":true,"_links":{"self":[{"href":"https:\/\/eldiariodesanpedro.com.ar\/sitio\/wp-json\/wp\/v2\/posts\/89885","targetHints":{"allow":["GET"]}}],"collection":[{"href":"https:\/\/eldiariodesanpedro.com.ar\/sitio\/wp-json\/wp\/v2\/posts"}],"about":[{"href":"https:\/\/eldiariodesanpedro.com.ar\/sitio\/wp-json\/wp\/v2\/types\/post"}],"author":[{"embeddable":true,"href":"https:\/\/eldiariodesanpedro.com.ar\/sitio\/wp-json\/wp\/v2\/users\/4"}],"replies":[{"embeddable":true,"href":"https:\/\/eldiariodesanpedro.com.ar\/sitio\/wp-json\/wp\/v2\/comments?post=89885"}],"version-history":[{"count":1,"href":"https:\/\/eldiariodesanpedro.com.ar\/sitio\/wp-json\/wp\/v2\/posts\/89885\/revisions"}],"predecessor-version":[{"id":89892,"href":"https:\/\/eldiariodesanpedro.com.ar\/sitio\/wp-json\/wp\/v2\/posts\/89885\/revisions\/89892"}],"wp:featuredmedia":[{"embeddable":true,"href":"https:\/\/eldiariodesanpedro.com.ar\/sitio\/wp-json\/wp\/v2\/media\/89887"}],"wp:attachment":[{"href":"https:\/\/eldiariodesanpedro.com.ar\/sitio\/wp-json\/wp\/v2\/media?parent=89885"}],"wp:term":[{"taxonomy":"category","embeddable":true,"href":"https:\/\/eldiariodesanpedro.com.ar\/sitio\/wp-json\/wp\/v2\/categories?post=89885"},{"taxonomy":"post_tag","embeddable":true,"href":"https:\/\/eldiariodesanpedro.com.ar\/sitio\/wp-json\/wp\/v2\/tags?post=89885"}],"curies":[{"name":"wp","href":"https:\/\/api.w.org\/{rel}","templated":true}]}}