{"id":89882,"date":"2021-03-27T15:37:36","date_gmt":"2021-03-27T18:37:36","guid":{"rendered":"https:\/\/eldiariodesanpedro.com.ar\/sitio\/?p=89882"},"modified":"2021-03-27T15:37:41","modified_gmt":"2021-03-27T18:37:41","slug":"se-cumplen-27-anos-del-fallecimiento-del-pato-morresi","status":"publish","type":"post","link":"https:\/\/eldiariodesanpedro.com.ar\/sitio\/se-cumplen-27-anos-del-fallecimiento-del-pato-morresi\/","title":{"rendered":"Se cumplen 27 a\u00f1os del fallecimiento del \u00abPato\u00bb Morresi"},"content":{"rendered":"<!-- VideographyWP Plugin Message: Automatic video embedding prevented by plugin options. -->\n\n<p>El piloto sampedrino muri\u00f3 repentinamente durante una carrera de TC el 27 de marzo de 1994 cuando su auto Chevrolet se estrell\u00f3 contra un talud de tierra.\u00a0Su acompa\u00f1ante Jorge Marceca tambi\u00e9n falleci\u00f3 en el mismo incidente.\u00a0<\/p>\n\n\n\n<p>A27 a\u00f1os de sus fallecimientos,&nbsp;Osvaldo \u201cPato\u201d Morresi&nbsp;y su acompa\u00f1ante&nbsp;Jorge Marceca&nbsp;siguen presentes en la memoria de los hinchas del&nbsp;Turismo Carretera.<\/p>\n\n\n\n<p>Morresi falleci\u00f3 el 27 de marzo de 1994 luego de un accidente sufrido mientras disputaba el \u00abGran Premio de&nbsp;La Plata\u00bb&nbsp;del Turismo Carretera en el circuito semipermanente de esa localidad por haber pisado un charco de aceite que hizo que su coche salga de la pista y se estrelle contra un talud. Su muerte fue el detonante por el que la&nbsp;ACTC&nbsp;resolvi\u00f3 suspender de manera definitiva las competencias en rutas nacionales.<\/p>\n\n\n\n<p>El Pato Morresi fue uno de los grandes \u00eddolos que tuvo Chevrolet entre las d\u00e9cadas del \u201980 y \u201990. Hizo su estreno el 8 de abril de 1984 en una carrera para debutantes y no ganadores en el aut\u00f3dromo de Buenos Aires. Corri\u00f3 durante 10 a\u00f1os con la marca, y en ese lapso disput\u00f3 153 carreras, con 8 triunfos, 14 segundos puestos y 8 terceros. Su mejor posici\u00f3n en un campeonato fue el 3\u00ba lugar en 1991.<\/p>\n\n\n\n<p>El 27 de marzo de 1994 ven\u00eda liderando c\u00f3modamente la carrera en el Semipermanente de La Plata con&nbsp; m\u00e1s de 8 segundos de ventaja sobre sus rivales. Cuando imprevistamente su Chevrolet impact\u00f3 contra un talud de tierra. El enemigo tan temido por los pilotos de la \u201cm\u00e1xima\u201d, que 2 a\u00f1os antes hab\u00eda provocado la muerte de&nbsp;Roberto Mouras, volv\u00eda a llevarse a un hijo pr\u00f3digo del TC.<\/p>\n\n\n\n<p>En San Pedro y La Plata habr\u00e1 diversos actos para recordar a Osvaldo Morres y Jorge Marceca.\u00a0\u00a0<\/p>\n\n\n\n<p>Fuente: <a href=\"https:\/\/www.sanpedroinforma.com.ar\/nota\/124096\/sociedad\/se-cumplen-27-anos-del-fallecimiento-del-pato-morresi.html\">San Pedro Informa<\/a><\/p>\n","protected":false},"excerpt":{"rendered":"<p>El piloto sampedrino muri\u00f3 repentinamente durante una carrera de TC el 27 de marzo de 1994 cuando su auto Chevrolet se estrell\u00f3 contra un talud de tierra.\u00a0Su acompa\u00f1ante Jorge Marceca tambi\u00e9n falleci\u00f3 en el mismo incidente.\u00a0 A27 a\u00f1os de sus fallecimientos,&nbsp;Osvaldo \u201cPato\u201d Morresi&nbsp;y su acompa\u00f1ante&nbsp;Jorge Marceca&nbsp;siguen presentes en la memoria de los hinchas del&nbsp;Turismo Carretera. [&hellip;]<\/p>\n","protected":false},"author":4,"featured_media":89883,"comment_status":"open","ping_status":"closed","sticky":false,"template":"","format":"standard","meta":{"om_disable_all_campaigns":false,"_jetpack_memberships_contains_paid_content":false,"footnotes":""},"categories":[101,2],"tags":[],"class_list":["post-89882","post","type-post","status-publish","format-standard","has-post-thumbnail","hentry","category-interes-general-locales","category-locales"],"aioseo_notices":[],"gutentor_comment":0,"jetpack_featured_media_url":"https:\/\/eldiariodesanpedro.com.ar\/sitio\/wp-content\/uploads\/2021\/03\/000090697.jpg","jetpack_shortlink":"https:\/\/wp.me\/p6RhLt-nnI","jetpack_sharing_enabled":true,"_links":{"self":[{"href":"https:\/\/eldiariodesanpedro.com.ar\/sitio\/wp-json\/wp\/v2\/posts\/89882","targetHints":{"allow":["GET"]}}],"collection":[{"href":"https:\/\/eldiariodesanpedro.com.ar\/sitio\/wp-json\/wp\/v2\/posts"}],"about":[{"href":"https:\/\/eldiariodesanpedro.com.ar\/sitio\/wp-json\/wp\/v2\/types\/post"}],"author":[{"embeddable":true,"href":"https:\/\/eldiariodesanpedro.com.ar\/sitio\/wp-json\/wp\/v2\/users\/4"}],"replies":[{"embeddable":true,"href":"https:\/\/eldiariodesanpedro.com.ar\/sitio\/wp-json\/wp\/v2\/comments?post=89882"}],"version-history":[{"count":1,"href":"https:\/\/eldiariodesanpedro.com.ar\/sitio\/wp-json\/wp\/v2\/posts\/89882\/revisions"}],"predecessor-version":[{"id":89884,"href":"https:\/\/eldiariodesanpedro.com.ar\/sitio\/wp-json\/wp\/v2\/posts\/89882\/revisions\/89884"}],"wp:featuredmedia":[{"embeddable":true,"href":"https:\/\/eldiariodesanpedro.com.ar\/sitio\/wp-json\/wp\/v2\/media\/89883"}],"wp:attachment":[{"href":"https:\/\/eldiariodesanpedro.com.ar\/sitio\/wp-json\/wp\/v2\/media?parent=89882"}],"wp:term":[{"taxonomy":"category","embeddable":true,"href":"https:\/\/eldiariodesanpedro.com.ar\/sitio\/wp-json\/wp\/v2\/categories?post=89882"},{"taxonomy":"post_tag","embeddable":true,"href":"https:\/\/eldiariodesanpedro.com.ar\/sitio\/wp-json\/wp\/v2\/tags?post=89882"}],"curies":[{"name":"wp","href":"https:\/\/api.w.org\/{rel}","templated":true}]}}