{"id":89875,"date":"2021-03-27T12:43:08","date_gmt":"2021-03-27T15:43:08","guid":{"rendered":"https:\/\/eldiariodesanpedro.com.ar\/sitio\/?p=89875"},"modified":"2021-03-27T12:43:14","modified_gmt":"2021-03-27T15:43:14","slug":"allanamiento-en-una-remiseria-se-secuestraron-tres-automoviles","status":"publish","type":"post","link":"https:\/\/eldiariodesanpedro.com.ar\/sitio\/allanamiento-en-una-remiseria-se-secuestraron-tres-automoviles\/","title":{"rendered":"Allanamiento en una remiser\u00eda, se secuestraron tres autom\u00f3viles"},"content":{"rendered":"<!-- VideographyWP Plugin Message: Automatic video embedding prevented by plugin options. -->\n\n<p>En el marco de la investigaci\u00f3n penal preparatoria que tramita la justicia local, en la tarde de ayer personal policial&nbsp; del gabinete criminol\u00f3gico de la comisar\u00eda diligenci\u00f3 allanamientos otorgados al Juzgado de Garant\u00edas de San Nicol\u00e1s para el domicilio ubicado en calle Belgrano al 2400 en el lugar funcionaria remiseria, identificado imputado un ciudadano de 39 a\u00f1os que arroj\u00f3 como resultado positivo secuestrando tres autom\u00f3viles.&nbsp;<\/p>\n\n\n\n<p>La UFI interviniente no adopt\u00f3 temperamento legal para el imputado, la causa prosigue en la justicia local por averiguaciones de il\u00edcito, iniciado en sede judicial.<\/p>\n","protected":false},"excerpt":{"rendered":"<p>En el marco de la investigaci\u00f3n penal preparatoria que tramita la justicia local, en la tarde de ayer personal policial&nbsp; del gabinete criminol\u00f3gico de la comisar\u00eda diligenci\u00f3 allanamientos otorgados al Juzgado de Garant\u00edas de San Nicol\u00e1s para el domicilio ubicado en calle Belgrano al 2400 en el lugar funcionaria remiseria, identificado imputado un ciudadano de [&hellip;]<\/p>\n","protected":false},"author":4,"featured_media":89876,"comment_status":"open","ping_status":"closed","sticky":false,"template":"","format":"standard","meta":{"om_disable_all_campaigns":false,"_jetpack_memberships_contains_paid_content":false,"footnotes":""},"categories":[50,2,103],"tags":[],"class_list":["post-89875","post","type-post","status-publish","format-standard","has-post-thumbnail","hentry","category-destacadas","category-locales","category-policiales-locales"],"aioseo_notices":[],"gutentor_comment":0,"jetpack_featured_media_url":"https:\/\/eldiariodesanpedro.com.ar\/sitio\/wp-content\/uploads\/2021\/03\/WhatsApp-Image-2021-03-27-at-11.50.08.jpeg","jetpack_shortlink":"https:\/\/wp.me\/p6RhLt-nnB","jetpack_sharing_enabled":true,"_links":{"self":[{"href":"https:\/\/eldiariodesanpedro.com.ar\/sitio\/wp-json\/wp\/v2\/posts\/89875","targetHints":{"allow":["GET"]}}],"collection":[{"href":"https:\/\/eldiariodesanpedro.com.ar\/sitio\/wp-json\/wp\/v2\/posts"}],"about":[{"href":"https:\/\/eldiariodesanpedro.com.ar\/sitio\/wp-json\/wp\/v2\/types\/post"}],"author":[{"embeddable":true,"href":"https:\/\/eldiariodesanpedro.com.ar\/sitio\/wp-json\/wp\/v2\/users\/4"}],"replies":[{"embeddable":true,"href":"https:\/\/eldiariodesanpedro.com.ar\/sitio\/wp-json\/wp\/v2\/comments?post=89875"}],"version-history":[{"count":1,"href":"https:\/\/eldiariodesanpedro.com.ar\/sitio\/wp-json\/wp\/v2\/posts\/89875\/revisions"}],"predecessor-version":[{"id":89877,"href":"https:\/\/eldiariodesanpedro.com.ar\/sitio\/wp-json\/wp\/v2\/posts\/89875\/revisions\/89877"}],"wp:featuredmedia":[{"embeddable":true,"href":"https:\/\/eldiariodesanpedro.com.ar\/sitio\/wp-json\/wp\/v2\/media\/89876"}],"wp:attachment":[{"href":"https:\/\/eldiariodesanpedro.com.ar\/sitio\/wp-json\/wp\/v2\/media?parent=89875"}],"wp:term":[{"taxonomy":"category","embeddable":true,"href":"https:\/\/eldiariodesanpedro.com.ar\/sitio\/wp-json\/wp\/v2\/categories?post=89875"},{"taxonomy":"post_tag","embeddable":true,"href":"https:\/\/eldiariodesanpedro.com.ar\/sitio\/wp-json\/wp\/v2\/tags?post=89875"}],"curies":[{"name":"wp","href":"https:\/\/api.w.org\/{rel}","templated":true}]}}