{"id":89868,"date":"2021-03-27T12:26:43","date_gmt":"2021-03-27T15:26:43","guid":{"rendered":"https:\/\/eldiariodesanpedro.com.ar\/sitio\/?p=89868"},"modified":"2021-03-27T12:26:47","modified_gmt":"2021-03-27T15:26:47","slug":"robaron-una-motocicleta-sin-candado-estacionada-en-via-publica","status":"publish","type":"post","link":"https:\/\/eldiariodesanpedro.com.ar\/sitio\/robaron-una-motocicleta-sin-candado-estacionada-en-via-publica\/","title":{"rendered":"Robaron una motocicleta sin candado estacionada en v\u00eda p\u00fablica"},"content":{"rendered":"<!-- VideographyWP Plugin Message: Automatic video embedding prevented by plugin options. -->\n\n<p>Este viernes se recibi\u00f3 una denuncia en la comisar\u00eda local por parte de un ciudadano sobre la sustracci\u00f3n de un motoveh\u00edculo.<\/p>\n\n\n\n<p>Un joven de 24 a\u00f1os de edad realiz\u00f3 una denuncia en la comisar\u00eda local donde declara que en horas de la tarde del viernes hab\u00eda dejado estacionada sin candado una motocicleta en calle Bottaro y Ayacucho, y cuando se retira del lugar donde hab\u00eda ingresado descubre el faltante del rodado.<\/p>\n\n\n\n<p>La polic\u00eda investiga el hecho para dar con el paradero del mismo.<\/p>\n","protected":false},"excerpt":{"rendered":"<p>Este viernes se recibi\u00f3 una denuncia en la comisar\u00eda local por parte de un ciudadano sobre la sustracci\u00f3n de un motoveh\u00edculo. Un joven de 24 a\u00f1os de edad realiz\u00f3 una denuncia en la comisar\u00eda local donde declara que en horas de la tarde del viernes hab\u00eda dejado estacionada sin candado una motocicleta en calle Bottaro [&hellip;]<\/p>\n","protected":false},"author":4,"featured_media":45394,"comment_status":"open","ping_status":"closed","sticky":false,"template":"","format":"standard","meta":{"om_disable_all_campaigns":false,"_jetpack_memberships_contains_paid_content":false,"footnotes":""},"categories":[2,103],"tags":[],"class_list":["post-89868","post","type-post","status-publish","format-standard","has-post-thumbnail","hentry","category-locales","category-policiales-locales"],"aioseo_notices":[],"gutentor_comment":0,"jetpack_featured_media_url":"https:\/\/eldiariodesanpedro.com.ar\/sitio\/wp-content\/uploads\/2019\/01\/comisaria.jpg","jetpack_shortlink":"https:\/\/wp.me\/p6RhLt-nnu","jetpack_sharing_enabled":true,"_links":{"self":[{"href":"https:\/\/eldiariodesanpedro.com.ar\/sitio\/wp-json\/wp\/v2\/posts\/89868","targetHints":{"allow":["GET"]}}],"collection":[{"href":"https:\/\/eldiariodesanpedro.com.ar\/sitio\/wp-json\/wp\/v2\/posts"}],"about":[{"href":"https:\/\/eldiariodesanpedro.com.ar\/sitio\/wp-json\/wp\/v2\/types\/post"}],"author":[{"embeddable":true,"href":"https:\/\/eldiariodesanpedro.com.ar\/sitio\/wp-json\/wp\/v2\/users\/4"}],"replies":[{"embeddable":true,"href":"https:\/\/eldiariodesanpedro.com.ar\/sitio\/wp-json\/wp\/v2\/comments?post=89868"}],"version-history":[{"count":1,"href":"https:\/\/eldiariodesanpedro.com.ar\/sitio\/wp-json\/wp\/v2\/posts\/89868\/revisions"}],"predecessor-version":[{"id":89869,"href":"https:\/\/eldiariodesanpedro.com.ar\/sitio\/wp-json\/wp\/v2\/posts\/89868\/revisions\/89869"}],"wp:featuredmedia":[{"embeddable":true,"href":"https:\/\/eldiariodesanpedro.com.ar\/sitio\/wp-json\/wp\/v2\/media\/45394"}],"wp:attachment":[{"href":"https:\/\/eldiariodesanpedro.com.ar\/sitio\/wp-json\/wp\/v2\/media?parent=89868"}],"wp:term":[{"taxonomy":"category","embeddable":true,"href":"https:\/\/eldiariodesanpedro.com.ar\/sitio\/wp-json\/wp\/v2\/categories?post=89868"},{"taxonomy":"post_tag","embeddable":true,"href":"https:\/\/eldiariodesanpedro.com.ar\/sitio\/wp-json\/wp\/v2\/tags?post=89868"}],"curies":[{"name":"wp","href":"https:\/\/api.w.org\/{rel}","templated":true}]}}